{"id":22184,"date":"2011-08-17T12:41:03","date_gmt":"2011-08-17T15:41:03","guid":{"rendered":"http:\/\/www.r2cpress.com.br\/v1\/?p=22184"},"modified":"2011-08-17T12:41:03","modified_gmt":"2011-08-17T15:41:03","slug":"manha-de-empate-e-vitoria-de-peludo-na-avep","status":"publish","type":"post","link":"https:\/\/www.r2cpress.com.br\/v1\/2011\/08\/17\/manha-de-empate-e-vitoria-de-peludo-na-avep\/","title":{"rendered":"MANH\u00c3 DE EMPATE E VIT\u00d3RIA DE PELUDO NA AVEP"},"content":{"rendered":"<p><img loading=\"lazy\" alt=\"\" src=\"http:\/\/www.r2cpress.com.br\/v1\/wp-content\/uploads\/CART%C3%83O-HECKEL-AVEP-300x115.jpg\" class=\"alignleft\" width=\"300\" height=\"115\" \/><strong>Domingo (14)<\/strong> pela manh\u00e3 a AVEP (Associa\u00e7\u00e3o dos Veteranos de Esporte Praiano) realizou a 11\u00aa rodada de sua programa\u00e7\u00e3o de \u201cbaba de praia\u201d como de praxe na praia da Av. Soares Lopes, imedia\u00e7\u00f5es do Ed. Santa Clara, em que no Campo 1 a equipe do CAPIT\u00c3O Paul\u00f4 da Bitway empatou com a do CAPIT\u00c3O Alvinho da Financeira pelo escore de 3 x 3. Gols marcados para Paul\u00f4: Garrancho (2) e Crispiniano. Para Alvinho: Carlos Semi-Gago (2) e Alvinho. No Campo 2 a equipe do CAPIT\u00c2O Djalma Peludo venceu a do CAPIT\u00c3O Paulinho Medauar por 6 a 5. Os gols foram marcados por Correia, Rog\u00e9rio, Z\u00e9 Eduardo (2) e Japon\u00eas para Medauar. Para Peludo marcaram: Paulo Sergio (2), Melga\u00e7o, Rog\u00e9rio(contra), e Alan (2).<\/p>\n<p><strong>As Equipes no Campo 1<\/strong> \u2013 CAPIT\u00c3O Paul\u00f4: Rosivaldo, Arag\u00e3o (depois Wilton),  Paul\u00f4, Haroldo (depois Ralio), Prof. Jorge, Mauricio, Al\u00edpio, Renatinho, Duda Reis, Garrancho e Crispiniano. CAPIT\u00c3O Alvinho da Financeira: Ricardo, Alvinho, Heckel, Luis M\u00e1rio, Dr. Souto, Cezinha, Vado, Sena, Marconi, Carlos Semi-Gago e Erisvan. <\/p>\n<div id=\"attachment_22185\" style=\"width: 310px\" class=\"wp-caption aligncenter\"><a href=\"http:\/\/www.r2cpress.com.br\/v1\/wp-content\/uploads\/MONT-016.jpg\"><img aria-describedby=\"caption-attachment-22185\" loading=\"lazy\" src=\"http:\/\/www.r2cpress.com.br\/v1\/wp-content\/uploads\/MONT-016-300x225.jpg\" alt=\"\" title=\"MONT 01\" width=\"300\" height=\"225\" class=\"size-medium wp-image-22185\" srcset=\"https:\/\/www.r2cpress.com.br\/v1\/wp-content\/uploads\/MONT-016-300x225.jpg 300w, https:\/\/www.r2cpress.com.br\/v1\/wp-content\/uploads\/MONT-016.jpg 1024w\" sizes=\"(max-width: 300px) 100vw, 300px\" \/><\/a><p id=\"caption-attachment-22185\" class=\"wp-caption-text\">Clique para AMPLIAR.<\/p><\/div>\n<p><strong>As Equipes no Campo 2<\/strong> \u2013 CAPIT\u00c3O Paulinho Medauar: Luciano, Major, Lind\u00f3ia, Japon\u00eas, Z\u00e9 Eduardo, Zugaib, Rog\u00e9rio Midlej, Ismar, Correia, Antonio Lopes e Paulinho. CAPIT\u00c3O Djalma Peludo: Valdemir, Galleti, Djalma, Valmick, Mario, Passos, Melga\u00e7o, Maur\u00edlio, Tabosa, Alan Carioca e Paulo Sergio.<\/p>\n<p><strong>Homenagem<\/strong><\/p>\n<p><!--more--><\/p>\n<p>O conhecido odontologista Hamilton Ferreira de Andrade \u00e9 o homenageado da quinzena. J\u00e1 n\u00e3o cal\u00e7a mais as chuteiras, por\u00e9m todos os associados, especialmente os mais velhos, acharam just\u00edssima a homenagem. Com 35 anos de AVEP, Hamilton pratica futebol desde muito tempo, chegando a atuar em Salvador em 1963 e 64, respectivamente no time amador do Vit\u00f3ria e na Sele\u00e7\u00e3o Universit\u00e1ria pela UFBA. Em Ilh\u00e9us, em 1970 foi Super-Super campe\u00e3o pelo Vit\u00f3ria no campeonato amador da cidade. Em 1960 jogando pela Sele\u00e7\u00e3o de Ilh\u00e9us perdeu de 9 a 0 para o time do Vasco da Gama carioca, mas numa \u00e9poca em que embora a Regi\u00e3o Cacaueira gerasse craques da melhor qualidade, metade do quadro vasca\u00edno jogava na Sele\u00e7\u00e3o Brasileira e a Bahia era desestrutura no futebol. <\/p>\n<div id=\"attachment_22186\" style=\"width: 310px\" class=\"wp-caption aligncenter\"><a href=\"http:\/\/www.r2cpress.com.br\/v1\/wp-content\/uploads\/MONT-026.jpg\"><img aria-describedby=\"caption-attachment-22186\" loading=\"lazy\" src=\"http:\/\/www.r2cpress.com.br\/v1\/wp-content\/uploads\/MONT-026-300x140.jpg\" alt=\"\" title=\"MONT 02\" width=\"300\" height=\"140\" class=\"size-medium wp-image-22186\" srcset=\"https:\/\/www.r2cpress.com.br\/v1\/wp-content\/uploads\/MONT-026-300x140.jpg 300w, https:\/\/www.r2cpress.com.br\/v1\/wp-content\/uploads\/MONT-026.jpg 1024w\" sizes=\"(max-width: 300px) 100vw, 300px\" \/><\/a><p id=\"caption-attachment-22186\" class=\"wp-caption-text\">Clique para AMPLIAR.<\/p><\/div>\n<p><strong>Trof\u00e9u Abacaxi da Rodada<\/strong><\/p>\n<p>A Comiss\u00e3o de Julgamento resolveu para esta quinzena selecionar o ex-beque direito da Sele\u00e7\u00e3o de Camamu, Everaldo Arag\u00e3o, e ala-esquerda Luis Mario como ganhadores do Trof\u00e9u Abacaxi da Rodada, em raz\u00e3o de suas atua\u00e7\u00f5es passadas de modo destemperado, com xingamentos, e reclama\u00e7\u00f5es inoportunas a companheiros, inclusive sendo suspensos por dois jogos. A Comiss\u00e3o salienta que a escolha \u00e9 uma brincadeira e ao mesmo tempo um incentivo ao bom relacionamento dos atletas dentro de campo, inclusive porque o \u201cbaba\u201d est\u00e1 registrado pelo presidente Jackson Lima nos anais da Associa\u00e7\u00e3o como \u201cEncontro dos amigos\u201d.<br \/>\nOcorr\u00eancias com destaque da Rodada<\/p>\n<p>O gol contra de Rog\u00e9rio Midlej, colocando a redonda com categoria no fundo da rede, e o gol de Japon\u00eas, segundo na vida esportiva do atleta conforme os olheiros foram os destaques no Campo 2. No Campo 1 o destaque foi para o atleta Dr. Souto, em raz\u00e3o de sua colabora\u00e7\u00e3o como lateral-direito improvisado no time do Capit\u00e3o Alvinho. Os ju\u00edzes Capit\u00e3o e Emanuel da Liga Ilheense de Futebol tiveram boas atua\u00e7\u00f5es.<\/p>\n","protected":false},"excerpt":{"rendered":"<p>Domingo (14) pela manh\u00e3 a AVEP (Associa\u00e7\u00e3o dos Veteranos de Esporte Praiano) realizou a 11\u00aa rodada de sua programa\u00e7\u00e3o de \u201cbaba de praia\u201d como de praxe na praia da Av. Soares Lopes, imedia\u00e7\u00f5es do Ed. Santa Clara, em que no Campo 1 a equipe do CAPIT\u00c3O Paul\u00f4 da Bitway empatou com a do CAPIT\u00c3O Alvinho [&hellip;]<\/p>\n","protected":false},"author":2,"featured_media":0,"comment_status":"open","ping_status":"open","sticky":false,"template":"","format":"standard","meta":{"_links_to":"","_links_to_target":""},"categories":[11],"tags":[],"_links":{"self":[{"href":"https:\/\/www.r2cpress.com.br\/v1\/wp-json\/wp\/v2\/posts\/22184"}],"collection":[{"href":"https:\/\/www.r2cpress.com.br\/v1\/wp-json\/wp\/v2\/posts"}],"about":[{"href":"https:\/\/www.r2cpress.com.br\/v1\/wp-json\/wp\/v2\/types\/post"}],"author":[{"embeddable":true,"href":"https:\/\/www.r2cpress.com.br\/v1\/wp-json\/wp\/v2\/users\/2"}],"replies":[{"embeddable":true,"href":"https:\/\/www.r2cpress.com.br\/v1\/wp-json\/wp\/v2\/comments?post=22184"}],"version-history":[{"count":3,"href":"https:\/\/www.r2cpress.com.br\/v1\/wp-json\/wp\/v2\/posts\/22184\/revisions"}],"predecessor-version":[{"id":22189,"href":"https:\/\/www.r2cpress.com.br\/v1\/wp-json\/wp\/v2\/posts\/22184\/revisions\/22189"}],"wp:attachment":[{"href":"https:\/\/www.r2cpress.com.br\/v1\/wp-json\/wp\/v2\/media?parent=22184"}],"wp:term":[{"taxonomy":"category","embeddable":true,"href":"https:\/\/www.r2cpress.com.br\/v1\/wp-json\/wp\/v2\/categories?post=22184"},{"taxonomy":"post_tag","embeddable":true,"href":"https:\/\/www.r2cpress.com.br\/v1\/wp-json\/wp\/v2\/tags?post=22184"}],"curies":[{"name":"wp","href":"https:\/\/api.w.org\/{rel}","templated":true}]}}