{"id":22244,"date":"2011-08-18T08:34:14","date_gmt":"2011-08-18T11:34:14","guid":{"rendered":"http:\/\/www.r2cpress.com.br\/v1\/?p=22244"},"modified":"2011-08-18T08:34:14","modified_gmt":"2011-08-18T11:34:14","slug":"missa-de-ano-de-cylea","status":"publish","type":"post","link":"https:\/\/www.r2cpress.com.br\/v1\/2011\/08\/18\/missa-de-ano-de-cylea\/","title":{"rendered":"Missa de Ano de Cyl\u00e9a"},"content":{"rendered":"<p>Venho, um ano depois, solicitar apoio do seu site no sentido de convidar amigos e familiares\u00a0para a <strong>Missa de Ano pelo falecimento de\u00a0Cyl\u00e9a Costa Cardoso, na Igreja S\u00e3o Jorge, sexta-feira, dia 19, \u00e0s 17 horas<\/strong>.<\/p>\n<p>Na ocasi\u00e3o estaremos distribuindo\u00a0um <strong>texto-homenagem<\/strong> (arquivo em anexo) e o endere\u00e7o do\u00a0<strong>blog<\/strong> que criamos para socializar suas receitas m\u00e1gicas: <strong>Cozinha M\u00e1gica de Cyla<\/strong> (<a href=\"http:\/\/cozinhamagicadecyla.blogspot.com\/\" target=\"_blank\">http:\/\/cozinhamagicadecyla.<wbr>blogspot.com\/<\/wbr><\/a>).<\/p>\n<p>Agrade\u00e7o antecipadamente,<\/p>\n<p><strong>Ant\u00f4nio Jos\u00e9 Costa Cardoso,<br \/>\nAugusto C\u00e9sar Costa Cardoso &amp;<br \/>\nAugusto Jos\u00e9 da Cruz Cardoso<\/strong><\/p>\n<p><center><\/p>\n<div style=\"width:425px\" id=\"__ss_8899313\"><strong style=\"display:block;margin:12px 0 4px\"><a href=\"http:\/\/www.slideshare.net\/r2cpress\/missa-de-ano\" title=\"Missa de ano\">Missa de ano<\/a><\/strong><object id=\"__sse8899313\" width=\"425\" height=\"355\"><param name=\"movie\" value=\"http:\/\/static.slidesharecdn.com\/swf\/ssplayer2.swf?doc=missadeano-110818062529-phpapp01&#038;stripped_title=missa-de-ano&#038;userName=r2cpress\" \/><param name=\"allowFullScreen\" value=\"true\"\/><param name=\"allowScriptAccess\" value=\"always\"\/><embed name=\"__sse8899313\" src=\"http:\/\/static.slidesharecdn.com\/swf\/ssplayer2.swf?doc=missadeano-110818062529-phpapp01&#038;stripped_title=missa-de-ano&#038;userName=r2cpress\" type=\"application\/x-shockwave-flash\" allowscriptaccess=\"always\" allowfullscreen=\"true\" width=\"425\" height=\"355\"><\/embed><\/object><\/p>\n<div style=\"padding:5px 0 12px\">View more <a href=\"http:\/\/www.slideshare.net\/\">presentations<\/a> from <a href=\"http:\/\/www.slideshare.net\/r2cpress\">r2cpress<\/a>.<\/div>\n<\/div>\n<p><\/center><\/p>\n","protected":false},"excerpt":{"rendered":"<p>Venho, um ano depois, solicitar apoio do seu site no sentido de convidar amigos e familiares\u00a0para a Missa de Ano pelo falecimento de\u00a0Cyl\u00e9a Costa Cardoso, na Igreja S\u00e3o Jorge, sexta-feira, dia 19, \u00e0s 17 horas. Na ocasi\u00e3o estaremos distribuindo\u00a0um texto-homenagem (arquivo em anexo) e o endere\u00e7o do\u00a0blog que criamos para socializar suas receitas m\u00e1gicas: Cozinha [&hellip;]<\/p>\n","protected":false},"author":2,"featured_media":0,"comment_status":"open","ping_status":"open","sticky":false,"template":"","format":"standard","meta":{"_links_to":"","_links_to_target":""},"categories":[10],"tags":[],"_links":{"self":[{"href":"https:\/\/www.r2cpress.com.br\/v1\/wp-json\/wp\/v2\/posts\/22244"}],"collection":[{"href":"https:\/\/www.r2cpress.com.br\/v1\/wp-json\/wp\/v2\/posts"}],"about":[{"href":"https:\/\/www.r2cpress.com.br\/v1\/wp-json\/wp\/v2\/types\/post"}],"author":[{"embeddable":true,"href":"https:\/\/www.r2cpress.com.br\/v1\/wp-json\/wp\/v2\/users\/2"}],"replies":[{"embeddable":true,"href":"https:\/\/www.r2cpress.com.br\/v1\/wp-json\/wp\/v2\/comments?post=22244"}],"version-history":[{"count":6,"href":"https:\/\/www.r2cpress.com.br\/v1\/wp-json\/wp\/v2\/posts\/22244\/revisions"}],"predecessor-version":[{"id":22250,"href":"https:\/\/www.r2cpress.com.br\/v1\/wp-json\/wp\/v2\/posts\/22244\/revisions\/22250"}],"wp:attachment":[{"href":"https:\/\/www.r2cpress.com.br\/v1\/wp-json\/wp\/v2\/media?parent=22244"}],"wp:term":[{"taxonomy":"category","embeddable":true,"href":"https:\/\/www.r2cpress.com.br\/v1\/wp-json\/wp\/v2\/categories?post=22244"},{"taxonomy":"post_tag","embeddable":true,"href":"https:\/\/www.r2cpress.com.br\/v1\/wp-json\/wp\/v2\/tags?post=22244"}],"curies":[{"name":"wp","href":"https:\/\/api.w.org\/{rel}","templated":true}]}}