{"id":22251,"date":"2011-08-18T11:39:02","date_gmt":"2011-08-18T14:39:02","guid":{"rendered":"http:\/\/www.r2cpress.com.br\/v1\/?p=22251"},"modified":"2011-08-18T11:39:02","modified_gmt":"2011-08-18T14:39:02","slug":"enquanto-itabuna-implanta-parque-ecologico-ilheus-abandona-mata-da-esperanca","status":"publish","type":"post","link":"https:\/\/www.r2cpress.com.br\/v1\/2011\/08\/18\/enquanto-itabuna-implanta-parque-ecologico-ilheus-abandona-mata-da-esperanca\/","title":{"rendered":"ENQUANTO ITABUNA IMPLANTA PARQUE ECOL\u00d3GICO, ILH\u00c9US ABANDONA MATA DA ESPERAN\u00c7A"},"content":{"rendered":"<p><img loading=\"lazy\" class=\"alignleft\" src=\"http:\/\/www.r2cpress.com.br\/v1\/wp-content\/uploads\/MASCARENHAS-NOVA.jpg\" alt=\"\" width=\"300\" height=\"129\" \/>No Di\u00e1rio de Ilh\u00e9us de hoje, 18.08.2011, noticia publicada na p\u00e1gina 5 informa que a Secretaria de Ind\u00fastria, Com\u00e9rcio e Turismo de Itabuna est\u00e1 se movimentando para implantar naquela cidade um Parque Ecol\u00f3gico, tendo como local uma \u00e1rea de 42 hectares na Vila Paloma que ter\u00e1 amplo espa\u00e7o para lazer, com lagoa para esporte aqu\u00e1tico, pista de aeromodelismo, cooper e ciclismo, campo de futebol, quadra poliesportiva, parque infantil e pista para skate e patins. O Parque ser\u00e1 dotado ainda de um restaurante e uma ponte p\u00eansil, tudo isto integrado \u00e0 natureza e com preserva\u00e7\u00e3o do que resta da nossa Mata Atl\u00e2ntica no Sul da Bahia, informa o Secret\u00e1rio Carlos Leahy.<\/p>\n<p>Acredita o Secret\u00e1rio que no pr\u00f3ximo ano o Projeto j\u00e1 esteja viabilizado e servir\u00e1 n\u00e3o s\u00f3 para o lazer do povo itabunense, mas ser\u00e1 tamb\u00e9m um grande investimento para o desenvolvimento s\u00f3cio, econ\u00f4mico e cultural da regi\u00e3o cacaueira.<\/p>\n<p>Ficamos felizes com esta iniciativa da Prefeitura de Itabuna, mas n\u00e3o podemos deixar de assinalar que enquanto isto acontece na vizinha cidade, aqui em Ilh\u00e9us a Prefeitura deixa em completo abandono a Mata da Esperan\u00e7a. Na realidade, o Parque Municipal da Boa Esperan\u00e7a, que foi criado atrav\u00e9s da Lei Complementar Municipal n\u00famero 001\/2001, de 07.06.2001, que se constitui numa \u00e1rea com mais de 400 hectares de Mata Atl\u00e2ntica, localizada no entorno da nossa Cidade, <em><strong>que re\u00fane excepcionais caracter\u00edsticas do ponto de vista h\u00eddrico, ed\u00e1fico, clim\u00e1tico, flor\u00edstico, faun\u00edstico e outros, associados a relevantes aspectos culturais como a importante obra de engenharia de valor hist\u00f3rico da represa esperan\u00e7a, al\u00e9m de enorme potencial do ponto de vista cient\u00edfico, educativo, tur\u00edstico, de recrea\u00e7\u00e3o, lazer e outros&#8230;<\/strong><\/em>\u201d, como consignado no site da A\u00e7\u00e3o Ilh\u00e9us.<\/p>\n<p>Sabemos das dificuldades financeiras da Prefeitura, inclusive dos famosos precat\u00f3rios, mas queremos lembrar aqui que a recupera\u00e7\u00e3o, manejo e conserva\u00e7\u00e3o da Reserva da Esperan\u00e7a poderia inclusive vir a ser viabilizada, colocando-as como uma das condicionantes ambientais do Projeto Porto Sul.<\/p>\n<p>Fica aqui a sugest\u00e3o para que o Prefeito Newton Lima, o Presidente da Maratama, Antonio Olimpio, e o Secret\u00e1rio de Meio Ambiente Harildon Ferreira coloquem como priorit\u00e1rio o Projeto de Recupera\u00e7\u00e3o da Reserva da Esperan\u00e7a, tornando-a uma \u00e1rea de lazer para o povo de Ilh\u00e9us e equipamento para a realiza\u00e7\u00e3o de programas de educa\u00e7\u00e3o ambiental para os nossos jovens.<\/p>\n<p>&nbsp;<\/p>\n<div id=\"attachment_22252\" style=\"width: 310px\" class=\"wp-caption aligncenter\"><a href=\"http:\/\/www.r2cpress.com.br\/v1\/wp-content\/uploads\/mata-da-esperan%C3%A7a-_masca.jpg\"><img aria-describedby=\"caption-attachment-22252\" loading=\"lazy\" class=\"size-medium wp-image-22252\" title=\"mata da esperan\u00e7a _masca\" src=\"http:\/\/www.r2cpress.com.br\/v1\/wp-content\/uploads\/mata-da-esperan%C3%A7a-_masca-300x106.jpg\" alt=\"\" width=\"300\" height=\"106\" \/><\/a><p id=\"caption-attachment-22252\" class=\"wp-caption-text\">Clique para AMPLIAR.<\/p><\/div>\n<p>&#8212;<\/p>\n<p>Carlos da Silva Mascarenhas<\/p>\n<p>carlos.consultic@gmail.com<\/p>\n","protected":false},"excerpt":{"rendered":"<p>No Di\u00e1rio de Ilh\u00e9us de hoje, 18.08.2011, noticia publicada na p\u00e1gina 5 informa que a Secretaria de Ind\u00fastria, Com\u00e9rcio e Turismo de Itabuna est\u00e1 se movimentando para implantar naquela cidade um Parque Ecol\u00f3gico, tendo como local uma \u00e1rea de 42 hectares na Vila Paloma que ter\u00e1 amplo espa\u00e7o para lazer, com lagoa para esporte aqu\u00e1tico, [&hellip;]<\/p>\n","protected":false},"author":2,"featured_media":0,"comment_status":"open","ping_status":"open","sticky":false,"template":"","format":"standard","meta":{"_links_to":"","_links_to_target":""},"categories":[10],"tags":[],"_links":{"self":[{"href":"https:\/\/www.r2cpress.com.br\/v1\/wp-json\/wp\/v2\/posts\/22251"}],"collection":[{"href":"https:\/\/www.r2cpress.com.br\/v1\/wp-json\/wp\/v2\/posts"}],"about":[{"href":"https:\/\/www.r2cpress.com.br\/v1\/wp-json\/wp\/v2\/types\/post"}],"author":[{"embeddable":true,"href":"https:\/\/www.r2cpress.com.br\/v1\/wp-json\/wp\/v2\/users\/2"}],"replies":[{"embeddable":true,"href":"https:\/\/www.r2cpress.com.br\/v1\/wp-json\/wp\/v2\/comments?post=22251"}],"version-history":[{"count":4,"href":"https:\/\/www.r2cpress.com.br\/v1\/wp-json\/wp\/v2\/posts\/22251\/revisions"}],"predecessor-version":[{"id":22256,"href":"https:\/\/www.r2cpress.com.br\/v1\/wp-json\/wp\/v2\/posts\/22251\/revisions\/22256"}],"wp:attachment":[{"href":"https:\/\/www.r2cpress.com.br\/v1\/wp-json\/wp\/v2\/media?parent=22251"}],"wp:term":[{"taxonomy":"category","embeddable":true,"href":"https:\/\/www.r2cpress.com.br\/v1\/wp-json\/wp\/v2\/categories?post=22251"},{"taxonomy":"post_tag","embeddable":true,"href":"https:\/\/www.r2cpress.com.br\/v1\/wp-json\/wp\/v2\/tags?post=22251"}],"curies":[{"name":"wp","href":"https:\/\/api.w.org\/{rel}","templated":true}]}}