{"id":22271,"date":"2011-08-18T12:38:21","date_gmt":"2011-08-18T15:38:21","guid":{"rendered":"http:\/\/www.r2cpress.com.br\/v1\/?p=22271"},"modified":"2011-08-18T12:38:21","modified_gmt":"2011-08-18T15:38:21","slug":"ilheus-terra-de-ninguem","status":"publish","type":"post","link":"https:\/\/www.r2cpress.com.br\/v1\/2011\/08\/18\/ilheus-terra-de-ninguem\/","title":{"rendered":"Ilh\u00e9us &#8211; terra de ningu\u00e9m"},"content":{"rendered":"<p>De: S. MOREIRA <sucafag @hotmail.com><br \/>\nAssunto: Ilh\u00e9us- terra de ningu\u00e9m<\/p>\n<p>Corpo da mensagem:<br \/>\nAmigos leitores desse t\u00e3o importante ve\u00edculo de comunica\u00e7\u00e3o, precisamos nos unirmos para acontecer mudan\u00e7as em Ilh\u00e9us, a cidade est\u00e1 abandonada, cheia de buracos, mato, tr\u00e2sito ca\u00f3tico PontalxCentro, paras arruinadas, n\u00e3o tem atrativos para as nossas crian\u00e7as, alguns poucos que tem cargos na prefeitura, aumentando cada dia mais seus patrim\u00f4nios e n\u00f3s o povo, cada dia mais sendo lesado de nossos direitos, os postos de saude, que vergonha!quando n\u00e3o est\u00e3o parados por greve n\u00e3o tem nem curativos que \u00e9 o b\u00e1sico do b\u00e1sico. Precisamos nos manifestar, ir as ruas de forma pac\u00edfica \u00e9 claro, mostrar nossa indigna\u00e7\u00e3o, podeir que os pol\u00edticos que a\u00ed est\u00e3o TRABALHE, pois \u00e9 para isso que eles s\u00e3o muito bem pagos&#8230;Ouvir uma amiga dizer que n\u00e3o aguenta mais morar nessa terra, parece que pasou por aqui uma onda gigante e s\u00f3 deixou destrui\u00e7\u00e3o.<br \/>\nIlh\u00e9us \u00e9 a terre que j\u00e1 teve!!!!<br \/>\nE o sem\u00e1faro do PontalxSapetinga at\u00e9 quando vai ficar quebrado?????????????<\/p>\n<p>&#8212;<br \/>\nEsta mensagem foi enviada atrav\u00e9s do formul\u00e1rio de contato do site R2CPRESS | A Letra Fria da Verdade http:\/\/www.r2cpress.com.br\/v1<br \/>\n<\/sucafag><\/p>\n","protected":false},"excerpt":{"rendered":"<p>De: S. MOREIRA Assunto: Ilh\u00e9us- terra de ningu\u00e9m Corpo da mensagem: Amigos leitores desse t\u00e3o importante ve\u00edculo de comunica\u00e7\u00e3o, precisamos nos unirmos para acontecer mudan\u00e7as em Ilh\u00e9us, a cidade est\u00e1 abandonada, cheia de buracos, mato, tr\u00e2sito ca\u00f3tico PontalxCentro, paras arruinadas, n\u00e3o tem atrativos para as nossas crian\u00e7as, alguns poucos que tem cargos na prefeitura, aumentando [&hellip;]<\/p>\n","protected":false},"author":2,"featured_media":0,"comment_status":"open","ping_status":"open","sticky":false,"template":"","format":"standard","meta":{"_links_to":"","_links_to_target":""},"categories":[10],"tags":[],"_links":{"self":[{"href":"https:\/\/www.r2cpress.com.br\/v1\/wp-json\/wp\/v2\/posts\/22271"}],"collection":[{"href":"https:\/\/www.r2cpress.com.br\/v1\/wp-json\/wp\/v2\/posts"}],"about":[{"href":"https:\/\/www.r2cpress.com.br\/v1\/wp-json\/wp\/v2\/types\/post"}],"author":[{"embeddable":true,"href":"https:\/\/www.r2cpress.com.br\/v1\/wp-json\/wp\/v2\/users\/2"}],"replies":[{"embeddable":true,"href":"https:\/\/www.r2cpress.com.br\/v1\/wp-json\/wp\/v2\/comments?post=22271"}],"version-history":[{"count":2,"href":"https:\/\/www.r2cpress.com.br\/v1\/wp-json\/wp\/v2\/posts\/22271\/revisions"}],"predecessor-version":[{"id":22273,"href":"https:\/\/www.r2cpress.com.br\/v1\/wp-json\/wp\/v2\/posts\/22271\/revisions\/22273"}],"wp:attachment":[{"href":"https:\/\/www.r2cpress.com.br\/v1\/wp-json\/wp\/v2\/media?parent=22271"}],"wp:term":[{"taxonomy":"category","embeddable":true,"href":"https:\/\/www.r2cpress.com.br\/v1\/wp-json\/wp\/v2\/categories?post=22271"},{"taxonomy":"post_tag","embeddable":true,"href":"https:\/\/www.r2cpress.com.br\/v1\/wp-json\/wp\/v2\/tags?post=22271"}],"curies":[{"name":"wp","href":"https:\/\/api.w.org\/{rel}","templated":true}]}}