{"id":22277,"date":"2011-08-18T13:22:10","date_gmt":"2011-08-18T16:22:10","guid":{"rendered":"http:\/\/www.r2cpress.com.br\/v1\/?p=22277"},"modified":"2011-08-18T13:22:10","modified_gmt":"2011-08-18T16:22:10","slug":"marinha-do-brasil-4","status":"publish","type":"post","link":"https:\/\/www.r2cpress.com.br\/v1\/2011\/08\/18\/marinha-do-brasil-4\/","title":{"rendered":"Marinha do Brasil"},"content":{"rendered":"<p><strong>NOTA  A IMPRENSA<\/p>\n<p>Abertas inscri\u00e7\u00f5es processo seletivo curso forma\u00e7\u00e3o de Aquavi\u00e1rios<\/p>\n<p>PROCESSO SELETIVO PARA O CURSO DE FORMA\u00c7\u00c3O DE AQUAVI\u00c1RIOS<\/p>\n<p>(CFAQ-II\/III M-2011)<\/strong><\/p>\n<p>         A Delegacia da Capitania dos Portos em Ilh\u00e9us, na qualidade de \u00f3rg\u00e3o coordenador e executor, designado pela Diretoria de Portos e Costas (DPC), torna p\u00fablico que at\u00e9 29 de agosto de 2011, estar\u00e3o abertas as inscri\u00e7\u00f5es para o Processo Seletivo de Admiss\u00e3o aos Cursos de Forma\u00e7\u00e3o de Aquavi\u00e1rios \u2013 CFAQ-II\/III M\/2011 (ambos os sexos), para o preenchimento de 35 vagas.<\/p>\n<p>Os principais requisitos para inscri\u00e7\u00e3o no Processo Seletivo s\u00e3o: ser brasileiro (a) nato (a) ou naturalizado (a); ter conclu\u00eddo o Ensino Fundamental; idade m\u00ednima de 18 (dezoito) anos at\u00e9 a data limite do per\u00edodo de inscri\u00e7\u00e3o; f) efetuar o pagamento da taxa de inscri\u00e7\u00e3o no valor de R$ 8,00 (oito reais); e cumprir as demais instru\u00e7\u00f5es espec\u00edficas contidas nas \u201cInstru\u00e7\u00f5es ao Candidato para o Processo Seletivo CFAQ-II\/III M\/2011\u201d.<\/p>\n<p><strong>DOCUMENTA\u00c7\u00c3O EXIGIDA PARA A INSCRI\u00c7\u00c3O:<\/strong><\/p>\n<p><!--more--><\/p>\n<p>1 &#8211; Carteira de Identidade (c\u00f3pia leg\u00edvel e autenticada);<br \/>\n2 &#8211; Cadastro de Pessoas F\u00edsicas (CPF) (c\u00f3pia leg\u00edvel e autenticada);<br \/>\n3 &#8211; Uma foto 3&#215;4 recente e comprovante de pagamento da taxa de inscri\u00e7\u00e3o;<br \/>\n4 &#8211; Caderneta de Inscri\u00e7\u00e3o e Registro (CIR) e c\u00f3pia leg\u00edvel e autenticada da Etiqueta e da identifica\u00e7\u00e3o da CIR (somente para Aquavi\u00e1rios);<br \/>\n5 &#8211; Comprovante de resid\u00eancia atual (contas p\u00fablicas) \u2013 c\u00f3pia leg\u00edvel;<br \/>\n6 &#8211; Certid\u00e3o de Tempo de Embarque, com firma reconhecida, em papel timbrado, emitido pela empresa, com nome e cargo do assinante (original e c\u00f3pia leg\u00edvel e autenticada), somente para aquavi\u00e1rios;<br \/>\n7 &#8211; Carta da Empresa contendo dados dos candidatos apresentados, tempo de experi\u00eancia mar\u00edtima, ordem de prioridade dos candidatos, CNPJ, endere\u00e7o da empresa, informa\u00e7\u00e3o se a empresa est\u00e1 em dia com a contribui\u00e7\u00e3o do Fundo de Desenvolvimento do Ensino Profissional Mar\u00edtimo (FDEPM &#8211; c\u00f3digos FPAS 540 e OUTRAS ENTIDADES 0131). Deve constar um texto recomendando o candidato e mencionando as raz\u00f5es dessa indica\u00e7\u00e3o. Essa carta dever\u00e1 ser assinada, no m\u00ednimo, pelo gerente de recursos humanos da empresa. (somente para candidatos apresentados por empresa);<br \/>\n8 &#8211; Caderneta Registro (CR) e Certid\u00e3o de Embarque (original e c\u00f3pia leg\u00edvel e autenticada), somente para Inativos da MB (RM1) e ex-Pra\u00e7as da MB (RM2);<br \/>\n9 &#8211; Certificado de T\u00e9cnico de Enfermagem ou Enfermagem n\u00edvel Superior e Carteira de inscri\u00e7\u00e3o nos \u00d3rg\u00e3os competentes do Minist\u00e9rio da Sa\u00fade (original e c\u00f3pia leg\u00edvel e autenticada), somente para os candidatos \u00e0 Se\u00e7\u00e3o de Sa\u00fade;<br \/>\n10 &#8211; Certificado de capacita\u00e7\u00e3o\/qualifica\u00e7\u00e3o profissional de Cozinheiro ou Gar\u00e7om ou Taifeiro, ou registro na Carteira de Trabalho e Previd\u00eancia Social, com o m\u00ednimo de 2 (dois) anos na respectiva fun\u00e7\u00e3o (original e c\u00f3pia leg\u00edvel e autenticada), somente para os candidatos \u00e0 Se\u00e7\u00e3o de C\u00e2mara; e<br \/>\n11 &#8211; Certificado de Conclus\u00e3o do Ensino Fundamental e Hist\u00f3rico Escolar \u2013 original e 1 c\u00f3pia autenticada e leg\u00edvel com endere\u00e7o e telefone atualizados do Estabelecimento que emitiu o Certificado.<\/p>\n<p>Ilh\u00e9us, BA, Em,  12 de agosto de 2011.<\/p>\n<p>ALEXSANDRE TEIXEIRA DE VASCONCELOS<br \/>\nCapit\u00e3o-de-Corveta<br \/>\nDelegado<\/p>\n","protected":false},"excerpt":{"rendered":"<p>NOTA A IMPRENSA Abertas inscri\u00e7\u00f5es processo seletivo curso forma\u00e7\u00e3o de Aquavi\u00e1rios PROCESSO SELETIVO PARA O CURSO DE FORMA\u00c7\u00c3O DE AQUAVI\u00c1RIOS (CFAQ-II\/III M-2011) A Delegacia da Capitania dos Portos em Ilh\u00e9us, na qualidade de \u00f3rg\u00e3o coordenador e executor, designado pela Diretoria de Portos e Costas (DPC), torna p\u00fablico que at\u00e9 29 de agosto de 2011, estar\u00e3o [&hellip;]<\/p>\n","protected":false},"author":2,"featured_media":0,"comment_status":"open","ping_status":"open","sticky":false,"template":"","format":"standard","meta":{"_links_to":"","_links_to_target":""},"categories":[18],"tags":[],"_links":{"self":[{"href":"https:\/\/www.r2cpress.com.br\/v1\/wp-json\/wp\/v2\/posts\/22277"}],"collection":[{"href":"https:\/\/www.r2cpress.com.br\/v1\/wp-json\/wp\/v2\/posts"}],"about":[{"href":"https:\/\/www.r2cpress.com.br\/v1\/wp-json\/wp\/v2\/types\/post"}],"author":[{"embeddable":true,"href":"https:\/\/www.r2cpress.com.br\/v1\/wp-json\/wp\/v2\/users\/2"}],"replies":[{"embeddable":true,"href":"https:\/\/www.r2cpress.com.br\/v1\/wp-json\/wp\/v2\/comments?post=22277"}],"version-history":[{"count":2,"href":"https:\/\/www.r2cpress.com.br\/v1\/wp-json\/wp\/v2\/posts\/22277\/revisions"}],"predecessor-version":[{"id":22279,"href":"https:\/\/www.r2cpress.com.br\/v1\/wp-json\/wp\/v2\/posts\/22277\/revisions\/22279"}],"wp:attachment":[{"href":"https:\/\/www.r2cpress.com.br\/v1\/wp-json\/wp\/v2\/media?parent=22277"}],"wp:term":[{"taxonomy":"category","embeddable":true,"href":"https:\/\/www.r2cpress.com.br\/v1\/wp-json\/wp\/v2\/categories?post=22277"},{"taxonomy":"post_tag","embeddable":true,"href":"https:\/\/www.r2cpress.com.br\/v1\/wp-json\/wp\/v2\/tags?post=22277"}],"curies":[{"name":"wp","href":"https:\/\/api.w.org\/{rel}","templated":true}]}}