{"id":22283,"date":"2011-08-18T14:21:04","date_gmt":"2011-08-18T17:21:04","guid":{"rendered":"http:\/\/www.r2cpress.com.br\/v1\/?p=22283"},"modified":"2011-08-18T14:21:48","modified_gmt":"2011-08-18T17:21:48","slug":"curso-basico-de-fotografia-promove-exposicao","status":"publish","type":"post","link":"https:\/\/www.r2cpress.com.br\/v1\/2011\/08\/18\/curso-basico-de-fotografia-promove-exposicao\/","title":{"rendered":"Curso b\u00e1sico de fotografia promove exposi\u00e7\u00e3o"},"content":{"rendered":"<p>A exposi\u00e7\u00e3o fotogr\u00e1fica dos alunos da segunda turma do Curso B\u00e1sico de Fotografia ficar\u00e1 no <strong>Teatro Municipal de Ilh\u00e9us<\/strong> <strong>desta sexta (19) a segunda (22).<\/strong> As realizadoras do curso e da exposi\u00e7\u00e3o, Anabel Mascarenhas e Tacila Mendes, t\u00eam como objetivo apresentar ao p\u00fablico o resultado dessa primeira empreitada dos alunos rumo a um olhar fotogr\u00e1fico mais apurado.<\/p>\n<p>Depois de dois dias de aula durante os quais os 19 alunos conheceram suas c\u00e2meras, elementos, recursos, composi\u00e7\u00e3o da imagem (regras b\u00e1sicas) e erros a serem evitados, eles participaram da pr\u00e1tica de fotografia externa no centro hist\u00f3rico de Ilh\u00e9us. Ap\u00f3s analisadas as fotos, foram escolhidas duas de cada um para compor essa exposi\u00e7\u00e3o fotogr\u00e1fica. As aulas aconteceram no audit\u00f3rio da Funda\u00e7\u00e3o Cultural de Ilh\u00e9us entre 14 e 16 de julho.<\/p>\n<p><center><a href=\"http:\/\/www.r2cpress.com.br\/v1\/wp-content\/uploads\/Convite-Exposi%C3%A7%C3%A3o-Turma-2-.jpg\"><img loading=\"lazy\" class=\"size-full wp-image-22284 aligncenter\" title=\"Convite Exposi\u00e7\u00e3o Turma 2\" src=\"http:\/\/www.r2cpress.com.br\/v1\/wp-content\/uploads\/Convite-Exposi%C3%A7%C3%A3o-Turma-2-.jpg\" alt=\"\" width=\"450\" height=\"318\" \/><\/a><\/center><\/p>\n<p>A abertura da exposi\u00e7\u00e3o ser\u00e1 nesta sexta \u00e0s 18h. A entrada \u00e9 gratuita. Para saber mais sobre o evento e o curso, acesse: <a href=\"http:\/\/www.descobrindoafotografia.blogspot.com\/\" target=\"_blank\">www.descobrindoafotografia.<wbr>blogspot.com<\/wbr><\/a><\/p>\n<p>Para participar do pr\u00f3ximo curso, que acontecer\u00e1 de 1 a 3 de setembro, fa\u00e7a sua inscri\u00e7\u00e3o: <a href=\"https:\/\/spreadsheets.google.com\/spreadsheet\/viewform?formkey=dG9CZm1jYUNHbktGTVVOSjloWm5aeXc6MQ\" target=\"_blank\">https:\/\/spreadsheets.google.<wbr>com\/spreadsheet\/viewform?<\/wbr><wbr>formkey=<\/wbr><wbr>dG9CZm1jYUNHbktGTVVOSjloWm5aeX<\/wbr><wbr>c6MQ<\/wbr><\/a><\/p>\n<p>&#8212;<\/p>\n<p><span style=\"color: #888888;\"> <strong><span style=\"font-size: medium;\">Anabel Mascarenhas e Tacila Mendes<\/span><\/strong><\/span><\/p>\n","protected":false},"excerpt":{"rendered":"<p>A exposi\u00e7\u00e3o fotogr\u00e1fica dos alunos da segunda turma do Curso B\u00e1sico de Fotografia ficar\u00e1 no Teatro Municipal de Ilh\u00e9us desta sexta (19) a segunda (22). As realizadoras do curso e da exposi\u00e7\u00e3o, Anabel Mascarenhas e Tacila Mendes, t\u00eam como objetivo apresentar ao p\u00fablico o resultado dessa primeira empreitada dos alunos rumo a um olhar fotogr\u00e1fico [&hellip;]<\/p>\n","protected":false},"author":2,"featured_media":0,"comment_status":"open","ping_status":"open","sticky":false,"template":"","format":"standard","meta":{"_links_to":"","_links_to_target":""},"categories":[28],"tags":[],"_links":{"self":[{"href":"https:\/\/www.r2cpress.com.br\/v1\/wp-json\/wp\/v2\/posts\/22283"}],"collection":[{"href":"https:\/\/www.r2cpress.com.br\/v1\/wp-json\/wp\/v2\/posts"}],"about":[{"href":"https:\/\/www.r2cpress.com.br\/v1\/wp-json\/wp\/v2\/types\/post"}],"author":[{"embeddable":true,"href":"https:\/\/www.r2cpress.com.br\/v1\/wp-json\/wp\/v2\/users\/2"}],"replies":[{"embeddable":true,"href":"https:\/\/www.r2cpress.com.br\/v1\/wp-json\/wp\/v2\/comments?post=22283"}],"version-history":[{"count":4,"href":"https:\/\/www.r2cpress.com.br\/v1\/wp-json\/wp\/v2\/posts\/22283\/revisions"}],"predecessor-version":[{"id":22288,"href":"https:\/\/www.r2cpress.com.br\/v1\/wp-json\/wp\/v2\/posts\/22283\/revisions\/22288"}],"wp:attachment":[{"href":"https:\/\/www.r2cpress.com.br\/v1\/wp-json\/wp\/v2\/media?parent=22283"}],"wp:term":[{"taxonomy":"category","embeddable":true,"href":"https:\/\/www.r2cpress.com.br\/v1\/wp-json\/wp\/v2\/categories?post=22283"},{"taxonomy":"post_tag","embeddable":true,"href":"https:\/\/www.r2cpress.com.br\/v1\/wp-json\/wp\/v2\/tags?post=22283"}],"curies":[{"name":"wp","href":"https:\/\/api.w.org\/{rel}","templated":true}]}}