{"id":22346,"date":"2011-08-19T12:04:00","date_gmt":"2011-08-19T15:04:00","guid":{"rendered":"http:\/\/www.r2cpress.com.br\/v1\/?p=22346"},"modified":"2011-08-19T12:04:00","modified_gmt":"2011-08-19T15:04:00","slug":"associacao-dos-moradores-do-bairro-hernani-sa","status":"publish","type":"post","link":"https:\/\/www.r2cpress.com.br\/v1\/2011\/08\/19\/associacao-dos-moradores-do-bairro-hernani-sa\/","title":{"rendered":"ASSOCIA\u00c7\u00c3O DOS MORADORES DO BAIRRO HERNANI S\u00c1"},"content":{"rendered":"<p style=\"text-align: center;\"><strong>ASSOCIA\u00c7\u00c3O DOS COMERCIANTES DA PRA\u00c7A NOURIVAL CARDOSO<\/strong><\/p>\n<p style=\"text-align: center;\"><strong>PROJETO SEXTA DO MPB<\/strong><\/p>\n<p style=\"text-align: center;\"><center><a href=\"http:\/\/www.r2cpress.com.br\/v1\/wp-content\/uploads\/URBIS-MPB-SHOW-GRACIELLE.jpg\"><img loading=\"lazy\" class=\"aligncenter size-full wp-image-22347\" title=\"URBIS MPB SHOW GRACIELLE\" src=\"http:\/\/www.r2cpress.com.br\/v1\/wp-content\/uploads\/URBIS-MPB-SHOW-GRACIELLE.jpg\" alt=\"\" width=\"224\" height=\"335\" srcset=\"https:\/\/www.r2cpress.com.br\/v1\/wp-content\/uploads\/URBIS-MPB-SHOW-GRACIELLE.jpg 268w, https:\/\/www.r2cpress.com.br\/v1\/wp-content\/uploads\/URBIS-MPB-SHOW-GRACIELLE-201x300.jpg 201w\" sizes=\"(max-width: 224px) 100vw, 224px\" \/><\/a><\/center><\/p>\n<p><strong>ATRA\u00c7\u00d5ES:\u00a0\u00a0\u00a0\u00a0\u00a0\u00a0\u00a0\u00a0\u00a0\u00a0\u00a0\u00a0\u00a0\u00a0\u00a0\u00a0\u00a0\u00a0\u00a0\u00a0\u00a0\u00a0\u00a0\u00a0\u00a0\u00a0\u00a0\u00a0\u00a0\u00a0\u00a0\u00a0\u00a0\u00a0\u00a0\u00a0\u00a0\u00a0\u00a0\u00a0\u00a0\u00a0\u00a0\u00a0\u00a0\u00a0\u00a0\u00a0\u00a0\u00a0\u00a0\u00a0\u00a0\u00a0 HOR\u00c1RIO: <\/strong><\/p>\n<ul>\n<li>Tito Moreno\u00a0\u00a0\u00a0\u00a0\u00a0\u00a0\u00a0\u00a0\u00a0\u00a0\u00a0\u00a0\u00a0\u00a0\u00a0\u00a0\u00a0\u00a0\u00a0\u00a0\u00a0\u00a0\u00a0\u00a0\u00a0\u00a0\u00a0\u00a0\u00a0\u00a0\u00a0\u00a0\u00a0\u00a0\u00a0\u00a0\u00a0\u00a0\u00a0\u00a0\u00a0\u00a0\u00a0 A partir das 19:30h<\/li>\n<li>Ivan Moraes<\/li>\n<li>Xuxu<\/li>\n<li>Robson Carvalho\u00a0\u00a0\u00a0\u00a0\u00a0\u00a0\u00a0\u00a0\u00a0\u00a0\u00a0\u00a0\u00a0\u00a0\u00a0\u00a0\u00a0\u00a0\u00a0\u00a0\u00a0\u00a0\u00a0\u00a0\u00a0\u00a0\u00a0\u00a0\u00a0\u00a0\u00a0\u00a0\u00a0\u00a0\u00a0\u00a0 <strong>PER\u00cdODO:<\/strong><\/li>\n<li>Alexandro\u00a0\u00a0\u00a0\u00a0\u00a0\u00a0\u00a0\u00a0\u00a0\u00a0\u00a0\u00a0\u00a0\u00a0\u00a0\u00a0\u00a0\u00a0\u00a0\u00a0\u00a0\u00a0\u00a0\u00a0\u00a0\u00a0\u00a0\u00a0\u00a0\u00a0\u00a0\u00a0\u00a0\u00a0\u00a0\u00a0\u00a0 \u00a0 \u00a0 De 19\/08 a 23\/09<\/li>\n<li>Nego<\/li>\n<\/ul>\n<p style=\"text-align: center;\"><strong>\u00a0EVENTO EM PROL DA MENINA GRACIELLE<\/strong><\/p>\n<p>&nbsp;<\/p>\n<p><em><br \/>\n<\/em><\/p>\n","protected":false},"excerpt":{"rendered":"<p>ASSOCIA\u00c7\u00c3O DOS COMERCIANTES DA PRA\u00c7A NOURIVAL CARDOSO PROJETO SEXTA DO MPB ATRA\u00c7\u00d5ES:\u00a0\u00a0\u00a0\u00a0\u00a0\u00a0\u00a0\u00a0\u00a0\u00a0\u00a0\u00a0\u00a0\u00a0\u00a0\u00a0\u00a0\u00a0\u00a0\u00a0\u00a0\u00a0\u00a0\u00a0\u00a0\u00a0\u00a0\u00a0\u00a0\u00a0\u00a0\u00a0\u00a0\u00a0\u00a0\u00a0\u00a0\u00a0\u00a0\u00a0\u00a0\u00a0\u00a0\u00a0\u00a0\u00a0\u00a0\u00a0\u00a0\u00a0\u00a0\u00a0\u00a0\u00a0 HOR\u00c1RIO: Tito Moreno\u00a0\u00a0\u00a0\u00a0\u00a0\u00a0\u00a0\u00a0\u00a0\u00a0\u00a0\u00a0\u00a0\u00a0\u00a0\u00a0\u00a0\u00a0\u00a0\u00a0\u00a0\u00a0\u00a0\u00a0\u00a0\u00a0\u00a0\u00a0\u00a0\u00a0\u00a0\u00a0\u00a0\u00a0\u00a0\u00a0\u00a0\u00a0\u00a0\u00a0\u00a0\u00a0\u00a0 A partir das 19:30h Ivan Moraes Xuxu Robson Carvalho\u00a0\u00a0\u00a0\u00a0\u00a0\u00a0\u00a0\u00a0\u00a0\u00a0\u00a0\u00a0\u00a0\u00a0\u00a0\u00a0\u00a0\u00a0\u00a0\u00a0\u00a0\u00a0\u00a0\u00a0\u00a0\u00a0\u00a0\u00a0\u00a0\u00a0\u00a0\u00a0\u00a0\u00a0\u00a0\u00a0 PER\u00cdODO: Alexandro\u00a0\u00a0\u00a0\u00a0\u00a0\u00a0\u00a0\u00a0\u00a0\u00a0\u00a0\u00a0\u00a0\u00a0\u00a0\u00a0\u00a0\u00a0\u00a0\u00a0\u00a0\u00a0\u00a0\u00a0\u00a0\u00a0\u00a0\u00a0\u00a0\u00a0\u00a0\u00a0\u00a0\u00a0\u00a0\u00a0\u00a0 \u00a0 \u00a0 De 19\/08 a 23\/09 Nego \u00a0EVENTO EM PROL DA MENINA GRACIELLE &nbsp;<\/p>\n","protected":false},"author":2,"featured_media":0,"comment_status":"open","ping_status":"open","sticky":false,"template":"","format":"standard","meta":{"_links_to":"","_links_to_target":""},"categories":[1],"tags":[],"_links":{"self":[{"href":"https:\/\/www.r2cpress.com.br\/v1\/wp-json\/wp\/v2\/posts\/22346"}],"collection":[{"href":"https:\/\/www.r2cpress.com.br\/v1\/wp-json\/wp\/v2\/posts"}],"about":[{"href":"https:\/\/www.r2cpress.com.br\/v1\/wp-json\/wp\/v2\/types\/post"}],"author":[{"embeddable":true,"href":"https:\/\/www.r2cpress.com.br\/v1\/wp-json\/wp\/v2\/users\/2"}],"replies":[{"embeddable":true,"href":"https:\/\/www.r2cpress.com.br\/v1\/wp-json\/wp\/v2\/comments?post=22346"}],"version-history":[{"count":3,"href":"https:\/\/www.r2cpress.com.br\/v1\/wp-json\/wp\/v2\/posts\/22346\/revisions"}],"predecessor-version":[{"id":22350,"href":"https:\/\/www.r2cpress.com.br\/v1\/wp-json\/wp\/v2\/posts\/22346\/revisions\/22350"}],"wp:attachment":[{"href":"https:\/\/www.r2cpress.com.br\/v1\/wp-json\/wp\/v2\/media?parent=22346"}],"wp:term":[{"taxonomy":"category","embeddable":true,"href":"https:\/\/www.r2cpress.com.br\/v1\/wp-json\/wp\/v2\/categories?post=22346"},{"taxonomy":"post_tag","embeddable":true,"href":"https:\/\/www.r2cpress.com.br\/v1\/wp-json\/wp\/v2\/tags?post=22346"}],"curies":[{"name":"wp","href":"https:\/\/api.w.org\/{rel}","templated":true}]}}