{"id":22351,"date":"2011-08-19T12:16:26","date_gmt":"2011-08-19T15:16:26","guid":{"rendered":"http:\/\/www.r2cpress.com.br\/v1\/?p=22351"},"modified":"2011-08-19T12:16:26","modified_gmt":"2011-08-19T15:16:26","slug":"com-um-pe-no-psd","status":"publish","type":"post","link":"https:\/\/www.r2cpress.com.br\/v1\/2011\/08\/19\/com-um-pe-no-psd\/","title":{"rendered":"Com um p\u00e9 no PSD"},"content":{"rendered":"<p><div id=\"attachment_22352\" style=\"width: 310px\" class=\"wp-caption alignleft\"><a href=\"http:\/\/www.r2cpress.com.br\/v1\/wp-content\/uploads\/Integrantes-do-PSD-s\u00e3o-recebidos-pela-presidenta-Dilma-Rousseff-4.jpg\"><img aria-describedby=\"caption-attachment-22352\" loading=\"lazy\" src=\"http:\/\/www.r2cpress.com.br\/v1\/wp-content\/uploads\/Integrantes-do-PSD-s\u00e3o-recebidos-pela-presidenta-Dilma-Rousseff-4-300x200.jpg\" alt=\"\" title=\"Integrantes do PSD s\u00e3o recebidos pela presidenta Dilma Rousseff (4)\" width=\"300\" height=\"200\" class=\"size-medium wp-image-22352\" srcset=\"https:\/\/www.r2cpress.com.br\/v1\/wp-content\/uploads\/Integrantes-do-PSD-s\u00e3o-recebidos-pela-presidenta-Dilma-Rousseff-4-300x200.jpg 300w, https:\/\/www.r2cpress.com.br\/v1\/wp-content\/uploads\/Integrantes-do-PSD-s\u00e3o-recebidos-pela-presidenta-Dilma-Rousseff-4.jpg 680w\" sizes=\"(max-width: 300px) 100vw, 300px\" \/><\/a><p id=\"caption-attachment-22352\" class=\"wp-caption-text\">Clique para AMPLIAR.<\/p><\/div>Um grupo de pol\u00edticos reuniu-se nesta quinta-feira (18) com a presidente Dilma Rousseff, num encontro em que o assunto foi o fortalecimento do rec\u00e9m-criado Partido Social Democr\u00e1tico (PSD).<\/p>\n<p>Estavam l\u00e1 o prefeito paulista Gilberto Kassab, o vice-governador baiano Otto Alencar, al\u00e9m de deputados federais e estaduais.<\/p>\n<p>Os representantes da Assembleia Legislativa na audi\u00eancia com a presidente foram as deputadas \u00c2ngela Sousa, Ivana Bastos e Cl\u00e1udia Oliveira, e os deputados Gild\u00e1sio Penedo e Rog\u00e9rio Andrade.<\/p>\n<p>Dilma deu sua b\u00ean\u00e7\u00e3o ao novo partido. <\/p>\n","protected":false},"excerpt":{"rendered":"<p>Um grupo de pol\u00edticos reuniu-se nesta quinta-feira (18) com a presidente Dilma Rousseff, num encontro em que o assunto foi o fortalecimento do rec\u00e9m-criado Partido Social Democr\u00e1tico (PSD). Estavam l\u00e1 o prefeito paulista Gilberto Kassab, o vice-governador baiano Otto Alencar, al\u00e9m de deputados federais e estaduais. Os representantes da Assembleia Legislativa na audi\u00eancia com a [&hellip;]<\/p>\n","protected":false},"author":2,"featured_media":0,"comment_status":"open","ping_status":"open","sticky":false,"template":"","format":"standard","meta":{"_links_to":"","_links_to_target":""},"categories":[22],"tags":[],"_links":{"self":[{"href":"https:\/\/www.r2cpress.com.br\/v1\/wp-json\/wp\/v2\/posts\/22351"}],"collection":[{"href":"https:\/\/www.r2cpress.com.br\/v1\/wp-json\/wp\/v2\/posts"}],"about":[{"href":"https:\/\/www.r2cpress.com.br\/v1\/wp-json\/wp\/v2\/types\/post"}],"author":[{"embeddable":true,"href":"https:\/\/www.r2cpress.com.br\/v1\/wp-json\/wp\/v2\/users\/2"}],"replies":[{"embeddable":true,"href":"https:\/\/www.r2cpress.com.br\/v1\/wp-json\/wp\/v2\/comments?post=22351"}],"version-history":[{"count":2,"href":"https:\/\/www.r2cpress.com.br\/v1\/wp-json\/wp\/v2\/posts\/22351\/revisions"}],"predecessor-version":[{"id":22354,"href":"https:\/\/www.r2cpress.com.br\/v1\/wp-json\/wp\/v2\/posts\/22351\/revisions\/22354"}],"wp:attachment":[{"href":"https:\/\/www.r2cpress.com.br\/v1\/wp-json\/wp\/v2\/media?parent=22351"}],"wp:term":[{"taxonomy":"category","embeddable":true,"href":"https:\/\/www.r2cpress.com.br\/v1\/wp-json\/wp\/v2\/categories?post=22351"},{"taxonomy":"post_tag","embeddable":true,"href":"https:\/\/www.r2cpress.com.br\/v1\/wp-json\/wp\/v2\/tags?post=22351"}],"curies":[{"name":"wp","href":"https:\/\/api.w.org\/{rel}","templated":true}]}}