{"id":22366,"date":"2011-08-19T14:18:10","date_gmt":"2011-08-19T17:18:10","guid":{"rendered":"http:\/\/www.r2cpress.com.br\/v1\/?p=22366"},"modified":"2011-08-19T14:18:10","modified_gmt":"2011-08-19T17:18:10","slug":"prefeitura-municipal-de-ilheus-194","status":"publish","type":"post","link":"https:\/\/www.r2cpress.com.br\/v1\/2011\/08\/19\/prefeitura-municipal-de-ilheus-194\/","title":{"rendered":"Prefeitura Municipal de Ilh\u00e9us"},"content":{"rendered":"<p><div id=\"attachment_22367\" style=\"width: 310px\" class=\"wp-caption aligncenter\"><a href=\"http:\/\/www.r2cpress.com.br\/v1\/wp-content\/uploads\/PMI-19-08-2011.jpg\"><img aria-describedby=\"caption-attachment-22367\" loading=\"lazy\" src=\"http:\/\/www.r2cpress.com.br\/v1\/wp-content\/uploads\/PMI-19-08-2011-300x161.jpg\" alt=\"\" title=\"PMI 19 08 2011\" width=\"300\" height=\"161\" class=\"size-medium wp-image-22367\" srcset=\"https:\/\/www.r2cpress.com.br\/v1\/wp-content\/uploads\/PMI-19-08-2011-300x161.jpg 300w, https:\/\/www.r2cpress.com.br\/v1\/wp-content\/uploads\/PMI-19-08-2011.jpg 680w\" sizes=\"(max-width: 300px) 100vw, 300px\" \/><\/a><p id=\"caption-attachment-22367\" class=\"wp-caption-text\">A\u00c7\u00d5ES DA PREFEITURA DE ILH\u00c9US<\/p><\/div><br \/>\nProblemas do Porto de Ilh\u00e9us s\u00e3o debatidos em Audi\u00eancia P\u00fablica<br \/>\nAssist\u00eancia Social inicia reforma em unidade do Centro de Refer\u00eancia<br \/>\nParque de Exposi\u00e7\u00e3o de Ilh\u00e9us promove leil\u00e3o de animais<br \/>\n Espet\u00e1culo infantil Os Saltimbancos agita TMI neste fim de semana<br \/>\nIlh\u00e9us sediou o VII Encontro Regional de Capacita\u00e7\u00e3o do TCM<\/p>\n<p><!--more--><\/p>\n<p>***<\/p>\n<p><strong>Problemas do Porto de Ilh\u00e9us s\u00e3o debatidos em Audi\u00eancia P\u00fablica<\/strong><\/p>\n<p>Representando o prefeito de Ilh\u00e9us, Newton Lima, o secret\u00e1rio de Governo e A\u00e7\u00f5es Estrat\u00e9gicas, Magno Lavigne, participou, na tarde desta quinta-feira (18), de audi\u00eancia P\u00fablica da C\u00e2mara de Vereadores, realizada nas instala\u00e7\u00f5es do porto. A sess\u00e3o foi provocada pelas entidades sindicais ligadas ao Porto de Ilh\u00e9us, que reclamam do atual est\u00e1gio de sucateamento do porto, que vem perdendo movimenta\u00e7\u00e3o para outros portos, principalmente os localizados na Baia de Todos os Santos (Salvador e Aratu).<\/p>\n<p>Segundo o secret\u00e1rio de Governo e A\u00e7\u00f5es Estrat\u00e9gicas, Magno Lavigne, os investimentos para o Porto de Ilh\u00e9us sempre fez parte das preocupa\u00e7\u00f5es do prefeito Newton Lima, nas gest\u00f5es que t\u00eam feito junto aos governos Estadual e Federal. \u201cO entendimento do prefeito Newton Lima \u00e9 que a atividade portu\u00e1ria precisa tem muito ainda o que crescer em Ilh\u00e9us, para acompanhar o desenvolvimento da cidade e da regi\u00e3o, que vem recebendo investimentos na \u00e1rea da ind\u00fastria, com\u00e9rcio e servi\u00e7os\u201d, acentuou.<\/p>\n<p>Magno Lavigne disse, ainda, que a Prefeitura de Ilh\u00e9us sempre foi uma parceira do Porto em todas as a\u00e7\u00f5es positivas, haja vista o potencial na gera\u00e7\u00e3o de emprego e renda para a popula\u00e7\u00e3o ilheense. \u201cOs investimentos no Porto de Ilh\u00e9us devem ser priorizados, at\u00e9 porque \u00e9 a pr\u00f3pria Codeba que ressalta as a\u00e7\u00f5es realizadas pela diretoria na atra\u00e7\u00e3o de novos neg\u00f3cios. Enquanto dever\u00edamos comemorar os 100 anos do porto, estamos aqui preocupados com a poss\u00edvel perda de um importante equipamento e Ilh\u00e9us n\u00e3o pode perder mais\u201d, ressaltou.<\/p>\n<p>O secret\u00e1rio municipal de Governo informou aos participantes da Audi\u00eancia P\u00fablica que, na pr\u00f3xima ter\u00e7a-feira (23), chegar\u00e1 a Ilh\u00e9us uma equipe da Royal Caribbean Cruzeiros para analisar as condi\u00e7\u00f5es de opera\u00e7\u00e3o do porto. \u201cA inten\u00e7\u00e3o da empresa \u00e9 colocar Ilh\u00e9us nos seus destinos, e para isso vem conferir a estrutura existente no Porto de Ilh\u00e9us para realizar os receptivos dos transatl\u00e2nticos de cruzeiros\u201d, disse.<\/p>\n<p>Segundo Magno Lavigne, o potencial mar\u00edtimo e portu\u00e1rio de Ilh\u00e9us \u00e9 enorme e s\u00e3o necess\u00e1rios investimentos para recuperar o Porto de Ilh\u00e9us, que ir\u00e1 trabalhar com navios m\u00e9dios, o Porto Sul, com grandes transatl\u00e2nticos, al\u00e9m de um porto pesqueiro e uma marina para embarca\u00e7\u00f5es de passeio e esportivas. \u201cConhecemos nosso potencial e vamos nos unir para reivindicar os investimentos para dotar Ilh\u00e9us de uma moderna estrutura portu\u00e1ria\u201d, conclamou.<\/p>\n<p>Problemas e solu\u00e7\u00f5es \u2013 Para os portu\u00e1rios, o Porto de Ilh\u00e9us passa por problemas de gest\u00e3o, o que vem prejudicando, sensivelmente, o desenvolvimento dos neg\u00f3cios na unidade portu\u00e1ria de Ilh\u00e9us. Eles citam o assoreamento do porto, com preju\u00edzo da profundidade para a atraca\u00e7\u00e3o de navios com calado acima de 10 metros e a falta de incentivos para a opera\u00e7\u00e3o com soja e eucalipto, al\u00e9m do sucateamento dos equipamentos, a exemplo dos guindastes, como fatores impeditivos de crescimento do porto.<\/p>\n<p>J\u00e1 o membro do Conselho Portu\u00e1rio, Lib\u00e9rio Menezes Filho, disse que o Porto de Ilh\u00e9us \u00e9 vi\u00e1vel, principalmente pela tend\u00eancia mundial da constru\u00e7\u00e3o de navios com capacidade de 70 mil toneladas e n\u00e3o os supertransatl\u00e2nticos, como acontecia at\u00e9 h\u00e1 pouco tempo. Lib\u00e9rio tamb\u00e9m ressaltou que a Codeba n\u00e3o vem privilegiando os investimentos para o Porto de Ilh\u00e9us, a exemplo do que tem feito nos portos de Salvador e Aratu. \u201c\u00c9 preciso entender a Bahia com \u201ch\u201d e n\u00e3o apenas com \u201ci\u201d, com tem sido feito ultimamente\u201d, pontuou.<\/p>\n<p>Para os dirigentes da Codeba presentes \u00e0 audi\u00eancia, Renato Rocha e Ant\u00f4nio Celso, existem os recursos para os investimentos no Porto de Ilh\u00e9us, a exemplo da dragagem de manuten\u00e7\u00e3o, que se encontra em fase de licita\u00e7\u00e3o. J\u00e1 em rela\u00e7\u00e3o \u00e0 dragagem de aprofundamento do calado para 14 metros, por ser mais complexa, a obra ainda n\u00e3o foi realizada, pois o projeto se encontra h\u00e1 dois anos dependendo da an\u00e1lise no Ibama para a concess\u00e3o da licen\u00e7a ambiental.<\/p>\n<p>Segundo os dirigentes da Codeba, a empresa espera tornar o Porto de Ilh\u00e9us vi\u00e1vel, economicamente, e para isso ser\u00e3o realizados os investimentos necess\u00e1rios. Eles informaram que para a dragagem de manuten\u00e7\u00e3o j\u00e1 existem recursos da ordem de R$ 4 milh\u00f5es dispon\u00edveis e outros R$ 150 milh\u00f5es, oriundos do Programa de Acelera\u00e7\u00e3o do Crescimento (PAC) dever\u00e3o ser aportados para a moderniza\u00e7\u00e3o do porto.<\/p>\n<p><strong>Assist\u00eancia Social inicia reforma em unidade do Centro de Refer\u00eancia <\/strong><\/p>\n<p>As atividades desenvolvidas pela unidade do Centro de Refer\u00eancia da Assist\u00eancia Social (Cras) localizada no bairro Nossa Senhora da Vit\u00f3ria, zona sul de Ilh\u00e9us, se encontram suspensas. A informa\u00e7\u00e3o foi prestada pelo secret\u00e1rio da Assist\u00eancia Social e Trabalho de Ilh\u00e9us, Emenson Silva, esta semana. O local est\u00e1 passando por reforma estrutural, que deve seguir durante o per\u00edodo de 45 dias. At\u00e9 l\u00e1, a equipe da unidade segue realizando acompanhamento dos oito coletivos do Programa de Inclus\u00e3o de Jovens (Projovem), entre outras atividades externas. <\/p>\n<p>Na unidade foi iniciada reforma de todo o espa\u00e7o f\u00edsico, al\u00e9m de melhorias no telhado, manuten\u00e7\u00e3o de rede el\u00e9trica e hidr\u00e1ulica, troca de piso, pintura interna e externa e reconstru\u00e7\u00e3o de rampa de acesso da unidade. A coordenadora do Cras do Nossa Senhora da Vit\u00f3ria, Talita Gila, explicou que al\u00e9m do acompanhamento nos coletivos do Projovem, a equipe continua promovendo visitas institucionais e domiciliares. \u201cAl\u00e9m disso, na sede da Secretaria da Assist\u00eancia Social e Trabalho, a assistente social Bernadete Aparecida dos Santos est\u00e1 realizando o acompanhamento das fam\u00edlias que est\u00e3o interessadas pelos servi\u00e7os ou que j\u00e1 s\u00e3o atendidas pelo Cras\u201d. A secretaria est\u00e1 localizada na avenida Soares Lopes, n\u00ba 1024, e presta atendimento ao p\u00fablico das 8 \u00e0s 14 horas.<\/p>\n<p>Mensalmente, cerca de 500 fam\u00edlias s\u00e3o atendidas pelos profissionais que atuam na unidade, cuja \u00e1rea de abrang\u00eancia vai do Pontal at\u00e9 o distrito do Rio de Engenho. O Cras, tamb\u00e9m conhecido como \u201cCasa da Fam\u00edlia\u201d, \u00e9 a porta de entrada para os servi\u00e7os do Sistema \u00danico da Assist\u00eancia Social (Suas) e se instala em \u00e1reas com maiores \u00edndices de vulnerabilidade e risco social, destinada ao atendimento socioassistencial de fam\u00edlias.  Em Ilh\u00e9us, existem cinco unidades do Cras, que est\u00e3o localizadas na Barra, Banco da Vit\u00f3ria, Nossa Senhora da Vit\u00f3ria, Oliven\u00e7a e Teot\u00f4nio Vilela. <\/p>\n<p>O Cras funciona atrav\u00e9s da Secretaria da Assist\u00eancia Social e Trabalho de Ilh\u00e9us e previne as situa\u00e7\u00f5es de risco no territ\u00f3rio onde vivem fam\u00edlias em situa\u00e7\u00e3o de vulnerabilidade social apoiando fam\u00edlias e indiv\u00edduos em suas demandas sociais, inserindo-os na rede de prote\u00e7\u00e3o social e promover os meios necess\u00e1rios para que fortale\u00e7am seus v\u00ednculos familiares e comunit\u00e1rios e acessem seus direitos de cidadania.<\/p>\n<p>Novas melhorias \u2013 O secret\u00e1rio Emenson Silva afirmou que assim como o Cras do Nossa Senhora da Vit\u00f3ria, outras sedes de programas da \u00e1rea da assist\u00eancia social tamb\u00e9m ser\u00e3o contemplados com melhorias, inclusive a sede da secretaria, localizada na Rua M\u00e1rio Alfredo, s\/n, cujo processo de reforma est\u00e1 em fase de licita\u00e7\u00e3o. \u201cNosso objetivo \u00e9 adaptar tanto a sede da secretaria como os demais espa\u00e7os de toda a estrutura f\u00edsica necess\u00e1ria para realizar suas fun\u00e7\u00f5es de maneira satisfat\u00f3ria\u201d. <\/p>\n<p><strong>Parque de Exposi\u00e7\u00e3o de Ilh\u00e9us promove leil\u00e3o de animais <\/strong><\/p>\n<p>Ser\u00e1 realizado neste s\u00e1bado e domingo (20 e 21), no Parque de exposi\u00e7\u00f5es de Ilh\u00e9us, leil\u00f5es de bovinos, muares, equinos e ovinos. O evento \u00e9 uma promo\u00e7\u00e3o da Associa\u00e7\u00e3o de Criadores de Ilh\u00e9us e Rancho Leil\u00f5es, com o apoio da Prefeitura de Ilh\u00e9us, Adab, EBDA e empresas privadas. <\/p>\n<p>Para o presidente da Associa\u00e7\u00e3o Ilheense dos Criadores, Jo\u00e3o Bittencourt Neto, os leil\u00f5es t\u00eam o objetivo de contribuir para a melhoria da qualidade gen\u00e9tica dos animais da regi\u00e3o, aumentando a produ\u00e7\u00e3o e produtividade no campo. Os animais s\u00e3o oriundos de produtores da Bahia e Minas Gerais.<\/p>\n<p>No primeiro dia do leil\u00e3o \u2013 s\u00e1bado (21), a partir das 19 horas \u2013, ser\u00e3o oferecidos 40 lotes de muares, ovinos e animais de sela de diversas ra\u00e7as, a exemplo de mangalarga marchador, pampa, quarto de milha, dentre outros, puros e meio sangue. Todos os lotes ser\u00e3o parcelados em 10 presta\u00e7\u00f5es iguais e sem juros.<\/p>\n<p>J\u00e1 no domingo (21), a partir das 13 horas, ser\u00e1 realizado o leil\u00e3o de 80 animais bovinos selecionados, das ra\u00e7as leiteiras Gir, Girolando, Holandesa, oriundos de planteis de criadores dos estados de Minas Gerais e Bahia. Todas as f\u00eameas possuem comprova\u00e7\u00e3o de prenhes ou paridas. Neste mesmo dia tamb\u00e9m ser\u00e3o leiloados cinco touros da ra\u00e7a Gir, de alta qualidade.<\/p>\n<p>Segundo Jo\u00e3o Bittencourt, a Associa\u00e7\u00e3o Ilheense de Criadores est\u00e1 mantendo contatos para realizar no Parque de Exposi\u00e7\u00f5es de Ilh\u00e9us uma exposi\u00e7\u00e3o e leil\u00e3o da ra\u00e7a Mangalarga Paulista, programada para outubro pr\u00f3ximo, bem como da ra\u00e7a Mangalarga Marchador, agendada para o m\u00eas de dezembro deste ano. \u201cVamos continuar investindo no engrandecimento da agropecu\u00e1ria, que \u00e9 uma das maiores fontes de gera\u00e7\u00e3o de emprego e renda de Ilh\u00e9us\u201d, conclui Bittencourt.<\/p>\n<p><strong> Espet\u00e1culo infantil Os Saltimbancos agita TMI neste fim de semana<\/strong><\/p>\n<p>O Teatro Municipal de Ilh\u00e9us apresenta neste fim de semana (dias 20 e 21), \u00e0s 17 horas, o espet\u00e1culo infantil \u201cOs Saltimbancos\u201d, que ap\u00f3s dois anos rodando os palcos do Brasil retorna a Ilh\u00e9us para contar a hist\u00f3ria de quatro animais: um cachorro, uma galinha, uma gata e um jumento. Cansados de serem explorados por seus donos, eles fogem das fazendas onde moram e d\u00e3o in\u00edcio a uma grande aventura em busca da realiza\u00e7\u00e3o de um grande sonho: formar um conjunto musical.<\/p>\n<p>Com classifica\u00e7\u00e3o livre, o espet\u00e1culo tem dire\u00e7\u00e3o e produ\u00e7\u00e3o de Cristina Barreto e explora a determina\u00e7\u00e3o, a coragem e a for\u00e7a dos personagens, encantando filhos e pais. Os ingressos podem ser adquiridos na bilheteria do Teatro Municipal ao pre\u00e7o de R$ 20,00 (inteira) e R$ 10,00 (meia). A pe\u00e7a \u201cOs Saltimbancos\u201d conta com o apoio cultural da NV Turismo. Ainda como parte da programa\u00e7\u00e3o de eventos deste m\u00eas, o Teatro Municipal sedia tamb\u00e9m o show musical \u201cAmigos na F\u00e9\u201d, em prol do Encontro Eucar\u00edstico com a Crian\u00e7a, com a participa\u00e7\u00e3o de diversos artistas locais, a partir 20 horas. Os ingressos tamb\u00e9m custam R$ 20,00 (inteira) e R$ 10,00 (meia).<\/p>\n<p>Na sexta-feira (26) o governo municipal realiza a partir das 9 horas o \u201cSemin\u00e1rio Pensar Ilh\u00e9us\u201d com palestras com o tema \u201cOlhar sobre a Ilh\u00e9us do sec. XXI\u201d sobre diversos aspectos, entre eles: turismo, cultura e economia. O evento \u00e9 aberto ao p\u00fablico. <\/p>\n<p>Exposi\u00e7\u00f5es &#8211; Paralelo a programa\u00e7\u00e3o de espet\u00e1culos deste m\u00eas, a galeria do Municipal sedia at\u00e9 a pr\u00f3xima segunda-feira (22) a exposi\u00e7\u00e3o da fot\u00f3grafa e comunic\u00f3loga Tacila Mendes, sempre das 9 \u00e0s 12 horas e das 14 \u00e0s 17 horas. J\u00e1 no segundo piso do TMI o p\u00fablico pode conferir at\u00e9 o dia 12 de setembro a exposi\u00e7\u00e3o \u201cLegado da Fam\u00edlia Wildberger\u201d, no mesmo hor\u00e1rio.<\/p>\n<p><strong>Ilh\u00e9us sediou o VII Encontro Regional de Capacita\u00e7\u00e3o do TCM<\/strong><\/p>\n<p>Ap\u00f3s destacar a import\u00e2ncia de gest\u00f5es p\u00fablicas respons\u00e1veis, o prefeito Newton Lima abriu na manh\u00e3 desta sexta-feira (19), no Centro de Conven\u00e7\u00f5es Luis Eduardo Magalh\u00e3es, na avenida Soares Lopes, em Ilh\u00e9us, o VII Encontro Regional de Capacita\u00e7\u00e3o do Tribunal de Contas dos Munic\u00edpios (TCM) do Estado da Bahia. Promovido pelo TCM e pela Uni\u00e3o dos Munic\u00edpios da Bahia (UPB), com patroc\u00ednio da IPM Brasil e o apoio de associa\u00e7\u00f5es regionais, o evento foi realizado durante todo o dia reunindo agentes p\u00fablicos de mais de 80 munic\u00edpios. A principal proposta do encontro \u00e9 promover a melhoria da gest\u00e3o p\u00fablica em geral, atrav\u00e9s da orienta\u00e7\u00e3o t\u00e9cnica dos gestores na elabora\u00e7\u00e3o das contas p\u00fablicas de prefeituras e c\u00e2maras municipais.<\/p>\n<p>Al\u00e9m do prefeito anfitri\u00e3o, o encontro contou com a presen\u00e7a do presidente da UPB e prefeito de Cama\u00e7ari, Luiz Caetano, do deputado federal Geraldo Sim\u00f5es, do conselheiro do TCM, Ronaldo Santana (representando o presidente do \u00f3rg\u00e3o, Paulo Maracaj\u00e1), do presidente da Amurc e prefeito de Ibicui, Claudio Dourado, do presidente do Ciapra e prefeito de Pira\u00ed do Norte, Her\u00e1clito Menezes, do presidente do Mercovale e prefeito de Planaltino, Joseval Alves, do presidente da C\u00e2mara de Ilh\u00e9us, Edvaldo Nascimento, do prefeito de Itabuna, Nilton Azevedo, e do prefeito de Uru\u00e7uca, Moacir Leite, al\u00e9m de diversos outros chefes de executivo municipal da Bahia, presidentes de c\u00e2maras, vereadores, t\u00e9cnicos governamentais, assessores e secret\u00e1rios municipais.<\/p>\n<p>O Encontro Regional de Capacita\u00e7\u00e3o do TCM-Bahia j\u00e1 passou por Salvador, Porto Seguro, Cama\u00e7ari, Santa Maria da Vit\u00f3ria, Irec\u00ea, Juazeiro e Jacobina, beneficiando mais de cinco mil e quinhentas pessoas, entre prefeitos, vereadores e servidores da administra\u00e7\u00e3o e da contabilidade municipal. O presidente da UPB e prefeito de Cama\u00e7ari, Luiz Caetano, chama aten\u00e7\u00e3o para o fato de que, \u201cos encontros surgiram da necessidade de passarmos a ter uma \u2018fiscaliza\u00e7\u00e3o orientada\u2019 por parte do Tribunal de Contas, uma vez que muitos prefeitos t\u00eam suas contas reprovadas ou aprovadas com ressalvas em virtude de pequenas falhas formais, ocasionadas como resultado do desconhecimento de sua equipe de alguns entendimentos dos auditores e dos inspetores do TCM\u201d, enfatiza. Dados do TCM-BA destacam que dos 417 munic\u00edpios baianos, 318 tiveram as contas municipais de 2009 aprovadas com ressalvas e 99 tiveram as contas reprovadas. Com o objetivo de mudar este quadro, a Uni\u00e3o dos Munic\u00edpios da Bahia (UPB) e o Tribunal de Contas dos Munic\u00edpios (TCM-BA) decidiram promover 12 encontros visando \u00e0 capacita\u00e7\u00e3o dos gestores p\u00fablicos.<\/p>\n<p>Para atender a essa proposta, Durante todo o dia desta sexta-feira, t\u00e9cnicos do TCM (Tribunal de Contas dos Munic\u00edpios) do Estado deram \u00eanfase para alguns temas, como \u201cGest\u00e3o P\u00fablica Respons\u00e1vel\u201d, \u201cOperacionaliza\u00e7\u00e3o do Siga \u2013 Sistema Integrado de Gest\u00e3o e Auditoria\u201d, \u201cRestos a Pagar\u201d e \u201cLicita\u00e7\u00f5es e Contratos\u201d, gerando diversos debates e questionamentos. Os pr\u00f3ximos encontros de capacita\u00e7\u00e3o acontecer\u00e3o nas cidades de Vit\u00f3ria da Conquista (2 de setembro), Rui Barbosa (16 de setembro); Alagoinhas (30 de setembro); Jequi\u00e9 (14 de outubro); e Serrinha (28 de outubro).<\/p>\n","protected":false},"excerpt":{"rendered":"<p>Problemas do Porto de Ilh\u00e9us s\u00e3o debatidos em Audi\u00eancia P\u00fablica Assist\u00eancia Social inicia reforma em unidade do Centro de Refer\u00eancia Parque de Exposi\u00e7\u00e3o de Ilh\u00e9us promove leil\u00e3o de animais Espet\u00e1culo infantil Os Saltimbancos agita TMI neste fim de semana Ilh\u00e9us sediou o VII Encontro Regional de Capacita\u00e7\u00e3o do TCM<\/p>\n","protected":false},"author":2,"featured_media":0,"comment_status":"open","ping_status":"open","sticky":false,"template":"","format":"standard","meta":{"_links_to":"","_links_to_target":""},"categories":[23],"tags":[],"_links":{"self":[{"href":"https:\/\/www.r2cpress.com.br\/v1\/wp-json\/wp\/v2\/posts\/22366"}],"collection":[{"href":"https:\/\/www.r2cpress.com.br\/v1\/wp-json\/wp\/v2\/posts"}],"about":[{"href":"https:\/\/www.r2cpress.com.br\/v1\/wp-json\/wp\/v2\/types\/post"}],"author":[{"embeddable":true,"href":"https:\/\/www.r2cpress.com.br\/v1\/wp-json\/wp\/v2\/users\/2"}],"replies":[{"embeddable":true,"href":"https:\/\/www.r2cpress.com.br\/v1\/wp-json\/wp\/v2\/comments?post=22366"}],"version-history":[{"count":2,"href":"https:\/\/www.r2cpress.com.br\/v1\/wp-json\/wp\/v2\/posts\/22366\/revisions"}],"predecessor-version":[{"id":22369,"href":"https:\/\/www.r2cpress.com.br\/v1\/wp-json\/wp\/v2\/posts\/22366\/revisions\/22369"}],"wp:attachment":[{"href":"https:\/\/www.r2cpress.com.br\/v1\/wp-json\/wp\/v2\/media?parent=22366"}],"wp:term":[{"taxonomy":"category","embeddable":true,"href":"https:\/\/www.r2cpress.com.br\/v1\/wp-json\/wp\/v2\/categories?post=22366"},{"taxonomy":"post_tag","embeddable":true,"href":"https:\/\/www.r2cpress.com.br\/v1\/wp-json\/wp\/v2\/tags?post=22366"}],"curies":[{"name":"wp","href":"https:\/\/api.w.org\/{rel}","templated":true}]}}