{"id":22373,"date":"2011-08-19T14:24:56","date_gmt":"2011-08-19T17:24:56","guid":{"rendered":"http:\/\/www.r2cpress.com.br\/v1\/?p=22373"},"modified":"2011-08-19T14:24:56","modified_gmt":"2011-08-19T17:24:56","slug":"movimento-pontalense-de-cidadania","status":"publish","type":"post","link":"https:\/\/www.r2cpress.com.br\/v1\/2011\/08\/19\/movimento-pontalense-de-cidadania\/","title":{"rendered":"Movimento Pontalense de Cidadania"},"content":{"rendered":"<p align=\"center\">C \u00a0O\u00a0 N\u00a0 V\u00a0 I\u00a0 T\u00a0 E<\/p>\n<p>&nbsp;<\/p>\n<p>Dando prosseguimento \u00e0 organiza\u00e7\u00e3o do movimento comunit\u00e1rio e empresarial do Pontal e Zona Sul, convidamos V.S.a, a participar da nossa pr\u00f3xima reuni\u00e3o, segunda-feira, 22\/08, \u00e0s 19hs, com a seguinte proposta de pauta:<\/p>\n<p>EXPOSI\u00c7\u00c3O INICIAL DO SEC. MUNICIPAL DE PLANEJAMENTO ALISSON MENDON\u00c7A SOBRE O <strong>PROJETO NOVA PONTE DO PONTAL<\/strong><\/p>\n<p>ELABORA\u00c7\u00c3O DA CARTA DO PONTAL PARA DIVULGA\u00c7\u00c3O, CONTENDO OS OBJETIVOS DO MOVIMENTO PONTALENSE DE CIDADANIA<\/p>\n<p>DEFINI\u00c7\u00c3O DE DATA PARA SOLICITA\u00c7\u00c3O DE AUDI\u00caNCIA AO PREFEITO, PARA REIVINDICA\u00c7\u00c3O DA REVITALIZA\u00c7\u00c3O DA PRA\u00c7A S\u00c3O JO\u00c3O<\/p>\n<p>DEFINI\u00c7\u00c3O DE DATA PARA REUNI\u00c3O COM O COMANDO DE POLICIAMENTO DA ZONA SUL, PARA TRATAR DA SEGURAN\u00c7A<\/p>\n<p>&nbsp;<\/p>\n<p>Local: Fredesko Botequim, Rua Dom Pedro II, 17, Pontal.<\/p>\n<p>DATA 22\/08, \u00e1s 19hs.<\/p>\n<p>&nbsp;<\/p>\n<p>Atenciosamente,<\/p>\n<p align=\"center\">\u00a0Coordena\u00e7\u00e3o<\/p>\n","protected":false},"excerpt":{"rendered":"<p>C \u00a0O\u00a0 N\u00a0 V\u00a0 I\u00a0 T\u00a0 E &nbsp; Dando prosseguimento \u00e0 organiza\u00e7\u00e3o do movimento comunit\u00e1rio e empresarial do Pontal e Zona Sul, convidamos V.S.a, a participar da nossa pr\u00f3xima reuni\u00e3o, segunda-feira, 22\/08, \u00e0s 19hs, com a seguinte proposta de pauta: EXPOSI\u00c7\u00c3O INICIAL DO SEC. MUNICIPAL DE PLANEJAMENTO ALISSON MENDON\u00c7A SOBRE O PROJETO NOVA PONTE DO [&hellip;]<\/p>\n","protected":false},"author":2,"featured_media":0,"comment_status":"open","ping_status":"open","sticky":false,"template":"","format":"standard","meta":{"_links_to":"","_links_to_target":""},"categories":[10],"tags":[],"_links":{"self":[{"href":"https:\/\/www.r2cpress.com.br\/v1\/wp-json\/wp\/v2\/posts\/22373"}],"collection":[{"href":"https:\/\/www.r2cpress.com.br\/v1\/wp-json\/wp\/v2\/posts"}],"about":[{"href":"https:\/\/www.r2cpress.com.br\/v1\/wp-json\/wp\/v2\/types\/post"}],"author":[{"embeddable":true,"href":"https:\/\/www.r2cpress.com.br\/v1\/wp-json\/wp\/v2\/users\/2"}],"replies":[{"embeddable":true,"href":"https:\/\/www.r2cpress.com.br\/v1\/wp-json\/wp\/v2\/comments?post=22373"}],"version-history":[{"count":3,"href":"https:\/\/www.r2cpress.com.br\/v1\/wp-json\/wp\/v2\/posts\/22373\/revisions"}],"predecessor-version":[{"id":22376,"href":"https:\/\/www.r2cpress.com.br\/v1\/wp-json\/wp\/v2\/posts\/22373\/revisions\/22376"}],"wp:attachment":[{"href":"https:\/\/www.r2cpress.com.br\/v1\/wp-json\/wp\/v2\/media?parent=22373"}],"wp:term":[{"taxonomy":"category","embeddable":true,"href":"https:\/\/www.r2cpress.com.br\/v1\/wp-json\/wp\/v2\/categories?post=22373"},{"taxonomy":"post_tag","embeddable":true,"href":"https:\/\/www.r2cpress.com.br\/v1\/wp-json\/wp\/v2\/tags?post=22373"}],"curies":[{"name":"wp","href":"https:\/\/api.w.org\/{rel}","templated":true}]}}