{"id":22379,"date":"2011-08-19T20:00:49","date_gmt":"2011-08-19T23:00:49","guid":{"rendered":"http:\/\/www.r2cpress.com.br\/v1\/?p=22379"},"modified":"2011-08-19T16:22:49","modified_gmt":"2011-08-19T19:22:49","slug":"do-fundo-do-bau-de-jose-leite-especial-9","status":"publish","type":"post","link":"https:\/\/www.r2cpress.com.br\/v1\/2011\/08\/19\/do-fundo-do-bau-de-jose-leite-especial-9\/","title":{"rendered":"DO FUNDO DO BA\u00da DE JOS\u00c9 LEITE (ESPECIAL)"},"content":{"rendered":"<p><center><img SRC = \"http:\/\/www.r2cpress.com.br\/v1\/wp-content\/uploads\/tampa-do-ba%C3%BA-com-camisa.jpg\"\/><br \/>\n<strong>1)\t32\u00ba CONGRESSO ESTADUAL DO COM\u00c9RCIO LOJISTA DA BAHIA<br \/>\n2)\tAS FOTOS DESTAQUES DA SEMANA<\/strong><\/center><\/p>\n<p><!--more--><\/p>\n<p>***<\/p>\n<p><center><strong>32\u00ba CONGRESSO ESTADUAL DO COM\u00c9RCIO LOJISTA DA BAHIA<\/strong><\/center><\/p>\n<div id=\"attachment_22381\" style=\"width: 153px\" class=\"wp-caption aligncenter\"><a href=\"http:\/\/www.r2cpress.com.br\/v1\/wp-content\/uploads\/153.jpg\"><img aria-describedby=\"caption-attachment-22381\" loading=\"lazy\" src=\"http:\/\/www.r2cpress.com.br\/v1\/wp-content\/uploads\/153-143x300.jpg\" alt=\"\" title=\"\u201cCOM\u00c9RCIO MAIS FORTE E UNIDO, BRASIL DESENVOLVIDO.\u201d Com esse tema foi aberto ontem \u00e0 noite no Centro de Conven\u00e7\u00f5es do N\u00e1utico Praia Hotel Convention Center em Porto Seguro, o 32\u00ba CONGRESSO ESTADUAL DO COM\u00c9RCIO LOJISTA. O evento acontece at\u00e9 amanh\u00e3 (s\u00e1bado) com v\u00e1rios palestrantes de renome discutindo solu\u00e7\u00f5es para o engrandecimento do Com\u00e9rcio do Estado da Bahia. A C\u00e2mara de Dirigentes Lojistas de Ilh\u00e9us est\u00e1 presente sob o comando da Presidente NADJA ARG\u00d4LO e com certeza trar\u00e1 novas ideias para o desenvolvimento do Com\u00e9rcio de Ilh\u00e9us. MAIS UMA VEZ ESTAMOS PRESENTE NESSE EVENTO.\" width=\"143\" height=\"300\" class=\"size-medium wp-image-22381\" srcset=\"https:\/\/www.r2cpress.com.br\/v1\/wp-content\/uploads\/153-143x300.jpg 143w, https:\/\/www.r2cpress.com.br\/v1\/wp-content\/uploads\/153-488x1024.jpg 488w, https:\/\/www.r2cpress.com.br\/v1\/wp-content\/uploads\/153.jpg 586w\" sizes=\"(max-width: 143px) 100vw, 143px\" \/><\/a><p id=\"caption-attachment-22381\" class=\"wp-caption-text\">\u201cCOM\u00c9RCIO MAIS FORTE E UNIDO, BRASIL DESENVOLVIDO.\u201d Com esse tema foi aberto ontem \u00e0 noite no Centro de Conven\u00e7\u00f5es do N\u00e1utico Praia Hotel Convention Center em Porto Seguro, o 32\u00ba CONGRESSO ESTADUAL DO COM\u00c9RCIO LOJISTA. O evento acontece at\u00e9 amanh\u00e3 (s\u00e1bado) com v\u00e1rios palestrantes de renome discutindo solu\u00e7\u00f5es para o engrandecimento do Com\u00e9rcio do Estado da Bahia. A C\u00e2mara de Dirigentes Lojistas de Ilh\u00e9us est\u00e1 presente sob o comando da Presidente NADJA ARG\u00d4LO e com certeza trar\u00e1 novas ideias para o desenvolvimento do Com\u00e9rcio de Ilh\u00e9us. MAIS UMA VEZ ESTAMOS PRESENTE NESSE EVENTO.<\/p><\/div>\n<p><b><center>AS FOTOS DESTAQUES DA SEMANA<\/center><\/b><\/p>\n<p>Apresentamos agora para os amigos lojistas e principalmente para os Lojistas mais jovens, acredite amigo, voc\u00ea n\u00e3o pode trabalhar na sua Empresa isolado, mesmo obtendo sucesso divida sua experi\u00eancia com seus companheiros Lojistas. Participe, ajude o Com\u00e9rcio da sua cidade a crescer, comparecendo aos Congressos do Movimento Lojista da Bahia e do Brasil.<\/p>\n<div id=\"attachment_22382\" style=\"width: 222px\" class=\"wp-caption aligncenter\"><a href=\"http:\/\/www.r2cpress.com.br\/v1\/wp-content\/uploads\/224.jpg\"><img aria-describedby=\"caption-attachment-22382\" loading=\"lazy\" src=\"http:\/\/www.r2cpress.com.br\/v1\/wp-content\/uploads\/224-212x300.jpg\" alt=\"\" title=\"A 1\u00aa CONVEN\u00c7\u00c3O ESTADUAL DO COM\u00c9RCIO LOJISTA foi realizada na cidade de FEIRA DE SANTANA no m\u00eas de Agosto de 1978. JOS\u00c9 LEITE DE SOUZA era o Presidente do CDL de Ilh\u00e9us e levou o Prefeito, na \u00e9poca, DR. ANTONIO OLIMPIO como presidente de honra da delega\u00e7\u00e3o de Ilh\u00e9us. Foi o \u00fanico Prefeito presente ao evento junto com o Prefeito de Feira de Santana. OBS: EVERALDO VALADARES foi o jornalista credenciado pela Delega\u00e7\u00e3o de Ilh\u00e9us para o evento.\" width=\"212\" height=\"300\" class=\"size-medium wp-image-22382\" srcset=\"https:\/\/www.r2cpress.com.br\/v1\/wp-content\/uploads\/224-212x300.jpg 212w, https:\/\/www.r2cpress.com.br\/v1\/wp-content\/uploads\/224-724x1024.jpg 724w, https:\/\/www.r2cpress.com.br\/v1\/wp-content\/uploads\/224.jpg 892w\" sizes=\"(max-width: 212px) 100vw, 212px\" \/><\/a><p id=\"caption-attachment-22382\" class=\"wp-caption-text\">A 1\u00aa CONVEN\u00c7\u00c3O ESTADUAL DO COM\u00c9RCIO LOJISTA foi realizada na cidade de FEIRA DE SANTANA no m\u00eas de Agosto de 1978. JOS\u00c9 LEITE DE SOUZA era o Presidente do CDL de Ilh\u00e9us e levou o Prefeito, na \u00e9poca, DR. ANTONIO OLIMPIO como presidente de honra da delega\u00e7\u00e3o de Ilh\u00e9us. Foi o \u00fanico Prefeito presente ao evento junto com o Prefeito de Feira de Santana. OBS: EVERALDO VALADARES foi o jornalista credenciado pela Delega\u00e7\u00e3o de Ilh\u00e9us para o evento.<\/p><\/div>\n<div id=\"attachment_22383\" style=\"width: 310px\" class=\"wp-caption aligncenter\"><a href=\"http:\/\/www.r2cpress.com.br\/v1\/wp-content\/uploads\/325.jpg\"><img aria-describedby=\"caption-attachment-22383\" loading=\"lazy\" src=\"http:\/\/www.r2cpress.com.br\/v1\/wp-content\/uploads\/325-300x207.jpg\" alt=\"\" title=\"II CONVEN\u00c7\u00c3O REALIZADA EM 1979, NA CIDADE DE ITABUNA - BA. Na \u00e9poca o nome era \u201cCONVEN\u00c7\u00c3O\u201d, depois foi mudado para \u201cCONGRESSO\u201d.\" width=\"300\" height=\"207\" class=\"size-medium wp-image-22383\" srcset=\"https:\/\/www.r2cpress.com.br\/v1\/wp-content\/uploads\/325-300x207.jpg 300w, https:\/\/www.r2cpress.com.br\/v1\/wp-content\/uploads\/325-1024x709.jpg 1024w, https:\/\/www.r2cpress.com.br\/v1\/wp-content\/uploads\/325.jpg 1252w\" sizes=\"(max-width: 300px) 100vw, 300px\" \/><\/a><p id=\"caption-attachment-22383\" class=\"wp-caption-text\">II CONVEN\u00c7\u00c3O REALIZADA EM 1979, NA CIDADE DE ITABUNA - BA. Na \u00e9poca o nome era \u201cCONVEN\u00c7\u00c3O\u201d, depois foi mudado para \u201cCONGRESSO\u201d.<\/p><\/div>\n<div id=\"attachment_22384\" style=\"width: 310px\" class=\"wp-caption aligncenter\"><a href=\"http:\/\/www.r2cpress.com.br\/v1\/wp-content\/uploads\/423.jpg\"><img aria-describedby=\"caption-attachment-22384\" loading=\"lazy\" src=\"http:\/\/www.r2cpress.com.br\/v1\/wp-content\/uploads\/423-300x210.jpg\" alt=\"\" title=\"3\u00aa CONVEN\u00c7\u00c3O REALIZADA EM 1980 NA CIDADE DE JUAZEIRO \u2013 BA.\" width=\"300\" height=\"210\" class=\"size-medium wp-image-22384\" srcset=\"https:\/\/www.r2cpress.com.br\/v1\/wp-content\/uploads\/423-300x210.jpg 300w, https:\/\/www.r2cpress.com.br\/v1\/wp-content\/uploads\/423-1024x719.jpg 1024w, https:\/\/www.r2cpress.com.br\/v1\/wp-content\/uploads\/423.jpg 1252w\" sizes=\"(max-width: 300px) 100vw, 300px\" \/><\/a><p id=\"caption-attachment-22384\" class=\"wp-caption-text\">3\u00aa CONVEN\u00c7\u00c3O REALIZADA EM 1980 NA CIDADE DE JUAZEIRO \u2013 BA.<\/p><\/div>\n<div id=\"attachment_22385\" style=\"width: 310px\" class=\"wp-caption aligncenter\"><a href=\"http:\/\/www.r2cpress.com.br\/v1\/wp-content\/uploads\/523.jpg\"><img aria-describedby=\"caption-attachment-22385\" loading=\"lazy\" src=\"http:\/\/www.r2cpress.com.br\/v1\/wp-content\/uploads\/523-300x210.jpg\" alt=\"\" title=\"4\u00aa CONVEN\u00c7\u00c3O REALIZADA EM 1981 NA CIDADE DE ILH\u00c9US \u2013 BA\" width=\"300\" height=\"210\" class=\"size-medium wp-image-22385\" srcset=\"https:\/\/www.r2cpress.com.br\/v1\/wp-content\/uploads\/523-300x210.jpg 300w, https:\/\/www.r2cpress.com.br\/v1\/wp-content\/uploads\/523-1024x718.jpg 1024w, https:\/\/www.r2cpress.com.br\/v1\/wp-content\/uploads\/523.jpg 1255w\" sizes=\"(max-width: 300px) 100vw, 300px\" \/><\/a><p id=\"caption-attachment-22385\" class=\"wp-caption-text\">4\u00aa CONVEN\u00c7\u00c3O REALIZADA EM 1981 NA CIDADE DE ILH\u00c9US \u2013 BA<\/p><\/div>\n<div id=\"attachment_22386\" style=\"width: 310px\" class=\"wp-caption aligncenter\"><a href=\"http:\/\/www.r2cpress.com.br\/v1\/wp-content\/uploads\/623.jpg\"><img aria-describedby=\"caption-attachment-22386\" loading=\"lazy\" src=\"http:\/\/www.r2cpress.com.br\/v1\/wp-content\/uploads\/623-300x210.jpg\" alt=\"\" title=\"5\u00aa CONVEN\u00c7\u00c3O REALIZADA 1982 NA CIDADE DE VIT\u00d3RIA DA CONQUISTA - BA.\" width=\"300\" height=\"210\" class=\"size-medium wp-image-22386\" srcset=\"https:\/\/www.r2cpress.com.br\/v1\/wp-content\/uploads\/623-300x210.jpg 300w, https:\/\/www.r2cpress.com.br\/v1\/wp-content\/uploads\/623-1024x718.jpg 1024w, https:\/\/www.r2cpress.com.br\/v1\/wp-content\/uploads\/623.jpg 1258w\" sizes=\"(max-width: 300px) 100vw, 300px\" \/><\/a><p id=\"caption-attachment-22386\" class=\"wp-caption-text\">5\u00aa CONVEN\u00c7\u00c3O REALIZADA 1982 NA CIDADE DE VIT\u00d3RIA DA CONQUISTA - BA.<\/p><\/div>\n<div id=\"attachment_22387\" style=\"width: 210px\" class=\"wp-caption aligncenter\"><a href=\"http:\/\/www.r2cpress.com.br\/v1\/wp-content\/uploads\/723.jpg\"><img aria-describedby=\"caption-attachment-22387\" loading=\"lazy\" src=\"http:\/\/www.r2cpress.com.br\/v1\/wp-content\/uploads\/723-200x300.jpg\" alt=\"\" title=\"7Diploma de PRESIDENTE DE HONRA da CDL de Ilh\u00e9us recebido por JOS\u00c9 LEITE em 22 de abril de 1998.\" width=\"200\" height=\"300\" class=\"size-medium wp-image-22387\" srcset=\"https:\/\/www.r2cpress.com.br\/v1\/wp-content\/uploads\/723-200x300.jpg 200w, https:\/\/www.r2cpress.com.br\/v1\/wp-content\/uploads\/723.jpg 595w\" sizes=\"(max-width: 200px) 100vw, 200px\" \/><\/a><p id=\"caption-attachment-22387\" class=\"wp-caption-text\">Diploma de PRESIDENTE DE HONRA da CDL de Ilh\u00e9us recebido por JOS\u00c9 LEITE em 22 de abril de 1998.<\/p><\/div>\n<div id=\"attachment_22388\" style=\"width: 310px\" class=\"wp-caption aligncenter\"><a href=\"http:\/\/www.r2cpress.com.br\/v1\/wp-content\/uploads\/822.jpg\"><img aria-describedby=\"caption-attachment-22388\" loading=\"lazy\" src=\"http:\/\/www.r2cpress.com.br\/v1\/wp-content\/uploads\/822-300x224.jpg\" alt=\"\" title=\"Homenagem da CDL de Ilh\u00e9us a um dos seus fundadores.\" width=\"300\" height=\"224\" class=\"size-medium wp-image-22388\" srcset=\"https:\/\/www.r2cpress.com.br\/v1\/wp-content\/uploads\/822-300x224.jpg 300w, https:\/\/www.r2cpress.com.br\/v1\/wp-content\/uploads\/822-1024x767.jpg 1024w, https:\/\/www.r2cpress.com.br\/v1\/wp-content\/uploads\/822.jpg 1582w\" sizes=\"(max-width: 300px) 100vw, 300px\" \/><\/a><p id=\"caption-attachment-22388\" class=\"wp-caption-text\">Homenagem da CDL de Ilh\u00e9us a um dos seus fundadores.<\/p><\/div>\n<div id=\"attachment_22389\" style=\"width: 310px\" class=\"wp-caption aligncenter\"><a href=\"http:\/\/www.r2cpress.com.br\/v1\/wp-content\/uploads\/922.jpg\"><img aria-describedby=\"caption-attachment-22389\" loading=\"lazy\" src=\"http:\/\/www.r2cpress.com.br\/v1\/wp-content\/uploads\/922-300x210.jpg\" alt=\"\" title=\"A 3\u00aa CONVEN\u00c7\u00c3O ESTADUAL aconteceu na cidade de Juazeiro \u2013 BA de 09 a 11 de Outubro de 1980. Na foto: O careca era o meu saudoso amigo RAIMUNDO GALV\u00c3O (foi gerente do CDL de Itabuna por muitos anos), o de \u00f3culos perto da recepcionista \u00e9 meu amigo conterr\u00e2neo de Juazeiro do Norte JOAQUIM VIEIRA SANTOS (hoje morando em Feira de Santana), os dois \u00faltimos, os amigos de mais de 50 anos, o conterr\u00e2neo de Juazeiro do Norte AFONSO AMORA (reside em Fortaleza) e JOS\u00c9 LEITE (de \u00f3culos).\" width=\"300\" height=\"210\" class=\"size-medium wp-image-22389\" srcset=\"https:\/\/www.r2cpress.com.br\/v1\/wp-content\/uploads\/922-300x210.jpg 300w, https:\/\/www.r2cpress.com.br\/v1\/wp-content\/uploads\/922-1024x718.jpg 1024w, https:\/\/www.r2cpress.com.br\/v1\/wp-content\/uploads\/922.jpg 1255w\" sizes=\"(max-width: 300px) 100vw, 300px\" \/><\/a><p id=\"caption-attachment-22389\" class=\"wp-caption-text\">A 3\u00aa CONVEN\u00c7\u00c3O ESTADUAL aconteceu na cidade de Juazeiro \u2013 BA de 09 a 11 de Outubro de 1980. Na foto: O careca era o meu saudoso amigo RAIMUNDO GALV\u00c3O (foi gerente do CDL de Itabuna por muitos anos), o de \u00f3culos perto da recepcionista \u00e9 meu amigo conterr\u00e2neo de Juazeiro do Norte JOAQUIM VIEIRA SANTOS (hoje morando em Feira de Santana), os dois \u00faltimos, os amigos de mais de 50 anos, o conterr\u00e2neo de Juazeiro do Norte AFONSO AMORA (reside em Fortaleza) e JOS\u00c9 LEITE (de \u00f3culos).<\/p><\/div>\n<div id=\"attachment_22390\" style=\"width: 219px\" class=\"wp-caption aligncenter\"><a href=\"http:\/\/www.r2cpress.com.br\/v1\/wp-content\/uploads\/1023.jpg\"><img aria-describedby=\"caption-attachment-22390\" loading=\"lazy\" src=\"http:\/\/www.r2cpress.com.br\/v1\/wp-content\/uploads\/1023-209x300.jpg\" alt=\"\" title=\"O \u201cSLOGAN\u201d da III CONVEN\u00c7\u00c3O: \u201cAQUI TODO LOJISTA \u00c9 UM FORTE\u201d.\" width=\"209\" height=\"300\" class=\"size-medium wp-image-22390\" srcset=\"https:\/\/www.r2cpress.com.br\/v1\/wp-content\/uploads\/1023-209x300.jpg 209w, https:\/\/www.r2cpress.com.br\/v1\/wp-content\/uploads\/1023-713x1024.jpg 713w, https:\/\/www.r2cpress.com.br\/v1\/wp-content\/uploads\/1023.jpg 877w\" sizes=\"(max-width: 209px) 100vw, 209px\" \/><\/a><p id=\"caption-attachment-22390\" class=\"wp-caption-text\">O \u201cSLOGAN\u201d da III CONVEN\u00c7\u00c3O: \u201cAQUI TODO LOJISTA \u00c9 UM FORTE\u201d.<\/p><\/div>\n<p><center>ADINVINHA QUEM \u00c9 ESSE NA FOTO? (10\/10\/1980).<\/center><\/p>\n<div id=\"attachment_22391\" style=\"width: 238px\" class=\"wp-caption aligncenter\"><a href=\"http:\/\/www.r2cpress.com.br\/v1\/wp-content\/uploads\/1125.jpg\"><img aria-describedby=\"caption-attachment-22391\" loading=\"lazy\" src=\"http:\/\/www.r2cpress.com.br\/v1\/wp-content\/uploads\/1125-228x300.jpg\" alt=\"\" title=\"4\u00aa CONVEN\u00c7\u00c3O realizada em Ilh\u00e9us. Na foto, tr\u00eas grandes nomes do movimento lojista da Bahia, JOAQUIM FONSECA, o saudoso MOIS\u00c9S BOHANA (Ex. presidente da CDL de Ilh\u00e9us) e o publicit\u00e1rio JOS\u00c9 JORGE RANDAN da cidade de Salvador. (Foto: 21\/08\/1981)\" width=\"228\" height=\"300\" class=\"size-medium wp-image-22391\" srcset=\"https:\/\/www.r2cpress.com.br\/v1\/wp-content\/uploads\/1125-228x300.jpg 228w, https:\/\/www.r2cpress.com.br\/v1\/wp-content\/uploads\/1125-780x1024.jpg 780w, https:\/\/www.r2cpress.com.br\/v1\/wp-content\/uploads\/1125.jpg 1066w\" sizes=\"(max-width: 228px) 100vw, 228px\" \/><\/a><p id=\"caption-attachment-22391\" class=\"wp-caption-text\">4\u00aa CONVEN\u00c7\u00c3O realizada em Ilh\u00e9us. Na foto, tr\u00eas grandes nomes do movimento lojista da Bahia, JOAQUIM FONSECA, o saudoso MOIS\u00c9S BOHANA (Ex. presidente da CDL de Ilh\u00e9us) e o publicit\u00e1rio JOS\u00c9 JORGE RANDAN da cidade de Salvador. (Foto: 21\/08\/1981)<\/p><\/div>\n<div id=\"attachment_22392\" style=\"width: 310px\" class=\"wp-caption aligncenter\"><a href=\"http:\/\/www.r2cpress.com.br\/v1\/wp-content\/uploads\/1221.jpg\"><img aria-describedby=\"caption-attachment-22392\" loading=\"lazy\" src=\"http:\/\/www.r2cpress.com.br\/v1\/wp-content\/uploads\/1221-300x209.jpg\" alt=\"\" title=\"CONGRESSO LOJISTA realizado h\u00e1 11 anos atr\u00e1s em Porto Seguro. Na foto: O de m\u00e3o na cabe\u00e7a \u00e9 o saudoso ANTONIO DRUBI (grande lojista de Juazeiro \u2013 Bahia), logo atr\u00e1s o saudoso ELIRIO ISSA (foi lojista e Presidente da Federa\u00e7\u00e3o da C\u00e2mara de Dirigentes Lojistas da Bahia). (Foto: 04-08-2000)\" width=\"300\" height=\"209\" class=\"size-medium wp-image-22392\" srcset=\"https:\/\/www.r2cpress.com.br\/v1\/wp-content\/uploads\/1221-300x209.jpg 300w, https:\/\/www.r2cpress.com.br\/v1\/wp-content\/uploads\/1221-1024x716.jpg 1024w, https:\/\/www.r2cpress.com.br\/v1\/wp-content\/uploads\/1221.jpg 1258w\" sizes=\"(max-width: 300px) 100vw, 300px\" \/><\/a><p id=\"caption-attachment-22392\" class=\"wp-caption-text\">CONGRESSO LOJISTA realizado h\u00e1 11 anos atr\u00e1s em Porto Seguro. Na foto: O de m\u00e3o na cabe\u00e7a \u00e9 o saudoso ANTONIO DRUBI (grande lojista de Juazeiro \u2013 Bahia), logo atr\u00e1s o saudoso ELIRIO ISSA (foi lojista e Presidente da Federa\u00e7\u00e3o da C\u00e2mara de Dirigentes Lojistas da Bahia). (Foto: 04-08-2000)<\/p><\/div>\n<div id=\"attachment_22393\" style=\"width: 310px\" class=\"wp-caption aligncenter\"><a href=\"http:\/\/www.r2cpress.com.br\/v1\/wp-content\/uploads\/1315.jpg\"><img aria-describedby=\"caption-attachment-22393\" loading=\"lazy\" src=\"http:\/\/www.r2cpress.com.br\/v1\/wp-content\/uploads\/1315-300x207.jpg\" alt=\"\" title=\"JOS\u00c9 LEITE entregando o trof\u00e9u \u201cOCT\u00c1VIO MOURA\u201d A TIAGO da Empresa de Publicidade \u201cCOMUNICA\u00c7\u00c3O INTEGRADA\u201d. Aparece na foto PAULO GANEM (ex Presidente da CDL de Ilh\u00e9us) e a Diretora da CDL MARIA CRISTINA MELO. (Foto: 06-08-2011)\" width=\"300\" height=\"207\" class=\"size-medium wp-image-22393\" srcset=\"https:\/\/www.r2cpress.com.br\/v1\/wp-content\/uploads\/1315-300x207.jpg 300w, https:\/\/www.r2cpress.com.br\/v1\/wp-content\/uploads\/1315-1024x708.jpg 1024w, https:\/\/www.r2cpress.com.br\/v1\/wp-content\/uploads\/1315.jpg 1222w\" sizes=\"(max-width: 300px) 100vw, 300px\" \/><\/a><p id=\"caption-attachment-22393\" class=\"wp-caption-text\">JOS\u00c9 LEITE entregando o trof\u00e9u \u201cOCT\u00c1VIO MOURA\u201d A TIAGO da Empresa de Publicidade \u201cCOMUNICA\u00c7\u00c3O INTEGRADA\u201d. Aparece na foto PAULO GANEM (ex Presidente da CDL de Ilh\u00e9us) e a Diretora da CDL MARIA CRISTINA MELO. (Foto: 06-08-2011)<\/p><\/div>\n<p><center>E NO MAIS&#8230;<br \/>\nDA SERIE, POR QUE ILH\u00c9US \u00c9 ASSIM?<\/center><\/p>\n<div id=\"attachment_22394\" style=\"width: 310px\" class=\"wp-caption aligncenter\"><a href=\"http:\/\/www.r2cpress.com.br\/v1\/wp-content\/uploads\/1410.jpg\"><img aria-describedby=\"caption-attachment-22394\" loading=\"lazy\" src=\"http:\/\/www.r2cpress.com.br\/v1\/wp-content\/uploads\/1410-300x199.jpg\" alt=\"\" title=\"Foto do Terminal LOGISTICA DE CARGA DO AEROPORTO DE PETROLINA PERNAMBUCO. Exportando frutas para a Am\u00e9rica do Norte e Europa. (Foto: 01-08-2011) ILH\u00c9US com um POLO DE INFORM\u00c1TICA, at\u00e9 hoje o Aeroporto n\u00e3o conseguiu ser credenciado com um Terminal Alfandegado.\" width=\"300\" height=\"199\" class=\"size-medium wp-image-22394\" srcset=\"https:\/\/www.r2cpress.com.br\/v1\/wp-content\/uploads\/1410-300x199.jpg 300w, https:\/\/www.r2cpress.com.br\/v1\/wp-content\/uploads\/1410.jpg 883w\" sizes=\"(max-width: 300px) 100vw, 300px\" \/><\/a><p id=\"caption-attachment-22394\" class=\"wp-caption-text\">Foto do Terminal LOGISTICA DE CARGA DO AEROPORTO DE PETROLINA PERNAMBUCO. Exportando frutas para a Am\u00e9rica do Norte e Europa. (Foto: 01-08-2011) ILH\u00c9US com um POLO DE INFORM\u00c1TICA, at\u00e9 hoje o Aeroporto n\u00e3o conseguiu ser credenciado com um Terminal Alfandegado.<\/p><\/div>\n<p>&#8212;<br \/>\nTexto e fotos: Jos\u00e9 Leite de Souza<br \/>\njleitesouza@hotmail.com<\/p>\n","protected":false},"excerpt":{"rendered":"<p>1) 32\u00ba CONGRESSO ESTADUAL DO COM\u00c9RCIO LOJISTA DA BAHIA 2) AS FOTOS DESTAQUES DA SEMANA<\/p>\n","protected":false},"author":2,"featured_media":0,"comment_status":"open","ping_status":"open","sticky":false,"template":"","format":"standard","meta":{"_links_to":"","_links_to_target":""},"categories":[10],"tags":[],"_links":{"self":[{"href":"https:\/\/www.r2cpress.com.br\/v1\/wp-json\/wp\/v2\/posts\/22379"}],"collection":[{"href":"https:\/\/www.r2cpress.com.br\/v1\/wp-json\/wp\/v2\/posts"}],"about":[{"href":"https:\/\/www.r2cpress.com.br\/v1\/wp-json\/wp\/v2\/types\/post"}],"author":[{"embeddable":true,"href":"https:\/\/www.r2cpress.com.br\/v1\/wp-json\/wp\/v2\/users\/2"}],"replies":[{"embeddable":true,"href":"https:\/\/www.r2cpress.com.br\/v1\/wp-json\/wp\/v2\/comments?post=22379"}],"version-history":[{"count":3,"href":"https:\/\/www.r2cpress.com.br\/v1\/wp-json\/wp\/v2\/posts\/22379\/revisions"}],"predecessor-version":[{"id":22396,"href":"https:\/\/www.r2cpress.com.br\/v1\/wp-json\/wp\/v2\/posts\/22379\/revisions\/22396"}],"wp:attachment":[{"href":"https:\/\/www.r2cpress.com.br\/v1\/wp-json\/wp\/v2\/media?parent=22379"}],"wp:term":[{"taxonomy":"category","embeddable":true,"href":"https:\/\/www.r2cpress.com.br\/v1\/wp-json\/wp\/v2\/categories?post=22379"},{"taxonomy":"post_tag","embeddable":true,"href":"https:\/\/www.r2cpress.com.br\/v1\/wp-json\/wp\/v2\/tags?post=22379"}],"curies":[{"name":"wp","href":"https:\/\/api.w.org\/{rel}","templated":true}]}}