{"id":22421,"date":"2011-08-21T06:30:27","date_gmt":"2011-08-21T09:30:27","guid":{"rendered":"http:\/\/www.r2cpress.com.br\/v1\/?p=22421"},"modified":"2011-08-21T11:33:09","modified_gmt":"2011-08-21T14:33:09","slug":"receita-de-domingo-pasta-alla-puttanesca-al-chef-uras","status":"publish","type":"post","link":"https:\/\/www.r2cpress.com.br\/v1\/2011\/08\/21\/receita-de-domingo-pasta-alla-puttanesca-al-chef-uras\/","title":{"rendered":"RECEITA DE DOMINGO: PASTA ALLA PUTTANESCA AL CHEF URAS!"},"content":{"rendered":"<p><em>Apresento-lhes hoje o colega, amigo e Chef Guilherme, que ir\u00e1 nos presentear com receitas italianas saboros\u00edssimas e hist\u00f3rias daquele povo que sabe bem o que \u00e9 criar e comer bem e saud\u00e1vel! <\/em><br \/>\n<strong>Viva a It\u00e1lia!<br \/>\nArrivederci amici!<br \/>\nAline Fidelman<\/strong><br \/>\n&#8212;<\/p>\n<p><center><a href=\"http:\/\/www.r2cpress.com.br\/v1\/wp-content\/uploads\/Uras2_cart\u00e3o.jpg\"><img loading=\"lazy\" src=\"http:\/\/www.r2cpress.com.br\/v1\/wp-content\/uploads\/Uras2_cart\u00e3o.jpg\" alt=\"\" title=\"Uras2_cart\u00e3o\" width=\"300\" height=\"120\" class=\"alignnone size-full wp-image-22425\" \/><\/a><br \/>\n<a href=\"http:\/\/www.r2cpress.com.br\/v1\/wp-content\/uploads\/FIGURA-011.jpg\"><img loading=\"lazy\" class=\"aligncenter size-full wp-image-22422\" title=\"FIGURA 01\" src=\"http:\/\/www.r2cpress.com.br\/v1\/wp-content\/uploads\/FIGURA-011.jpg\" alt=\"\" width=\"400\" height=\"265\" srcset=\"https:\/\/www.r2cpress.com.br\/v1\/wp-content\/uploads\/FIGURA-011.jpg 400w, https:\/\/www.r2cpress.com.br\/v1\/wp-content\/uploads\/FIGURA-011-300x198.jpg 300w\" sizes=\"(max-width: 400px) 100vw, 400px\" \/><\/a><\/center><\/p>\n<p><strong>ESPAGUETE A PUTANESCA<\/strong><\/p>\n<p><strong>\u00a0<\/strong><\/p>\n<p><strong>Ingredientes:<\/strong><\/p>\n<p>&nbsp;<\/p>\n<p>*Para 350 g de espaguete, 400g de tomates maduros<\/p>\n<p>Azeite extra virgem \u00e0 gosto<\/p>\n<p>01 dente de alho<\/p>\n<p>Aliche \u00e0 gosto (<em>Anchova<\/em> \u00e9 o &#8220;<em>Alice\u201d<\/em> brasileiro, podendo ser substitu\u00eddo por Atum).<\/p>\n<p>Pimenta calabresa \u00e0 gosto<\/p>\n<p>400g tomates maduros sem pele e sem caro\u00e7os (polpa)<\/p>\n<p>Azeitonas pretas \u00e0 gosto<\/p>\n<p>Alcaparras \u00e0 gosto<\/p>\n<p>Sal (se necess\u00e1rio).<br \/>\n<strong><\/strong><\/p>\n<p>&nbsp;<\/p>\n<p><strong>Prepara\u00e7\u00e3o:<\/strong><\/p>\n<p>1. A receita \u00e9 muito r\u00e1pida e f\u00e1cil de preparar, ent\u00e3o primeiro voc\u00ea aquece a \u00e1gua para cozinhar a massa.<\/p>\n<p>2. Enquanto n\u00e3o ferve, aque\u00e7a o azeite em uma panela, adicione o alho finamente picado.<\/p>\n<p>3. Adicione as anchovas (se quiser dessalge-as), corte em peda\u00e7os ou esmague-as e deixe fritar em fogo baixo.<\/p>\n<p>4. Dentro de 2-3 minutos, adicione a pimenta calabresa, neste ponto, a polpa do tomate.<\/p>\n<p>5. Ao levantar fervura, adicione as azeitonas pretas sem caro\u00e7o e picadas e por \u00faltimo as alcaparras.<\/p>\n<p>6. Cozinhe o molho em torno de 10 a 15 min em fogo m\u00e9dio-alto para poder pegar bem o gosto do aliche e reduzir o molho.<\/p>\n<p>7. Abaixe o fogo e deixe tampado enquanto voc\u00ea cozinha a massa.<br \/>\n8. Ap\u00f3s escorrer a massa acrescente o molho ou leve-o \u00e0 mesa e serva-o por sobre a massa.<\/p>\n<p><strong>Buon appetito!<\/strong><\/p>\n<p>&nbsp;<\/p>\n<p><strong>HIST\u00d3RIA:<\/strong><\/p>\n<p>As origens desta prepara\u00e7\u00e3o s\u00e3o interpreta\u00e7\u00f5es diferentes, de &#8220;N\u00e1poles na Mesa&#8221; (N\u00e1poles, no quadro) por Arthur Schwartz, ed. Harper Collins PGG. 164:<br \/>\n[&#8230;] Quanto \u00e0 sua etimologia (a palavra puttanesca) foi o tema da extens\u00e3o da imagina\u00e7\u00e3o de muitos estudiosos que tentaram de todas as maneiras para encontrar a solu\u00e7\u00e3o para o quebra-cabe\u00e7a. Alguns dizem que o nome desta receita foi obtido no in\u00edcio do s\u00e9culo, pelo propriet\u00e1rio de um bordel no Bairro Espanhol, que costumava convidados refresco com este prato, explorando a velocidade e facilidade de prepara\u00e7\u00e3o. Outros se referem \u00e0 roupa interior das meninas da casa, para atrair e seduzir os olhos do cliente, provavelmente vestindo roupas \u00edntimas de todos os tipos de cores brilhantes e cheios de transpar\u00eancia promissores. As muitas cores do vestu\u00e1rio se encontrariam no molho de salsa verde hom\u00f4nimo, tomate vermelho, roxo escuro azeitonas, alcaparras, verde-cinza, a cor da pimenta granada.<br \/>\nOutros argumentam que a origem do nome \u00e9 atribu\u00edda \u00e0 vida de fantasia de uma menina Yvette os franceses, que se inspirou para suas ra\u00edzes em Provence. Yvette, provavelmente, n\u00e3o estava equipada com imagina\u00e7\u00e3o somente, mas tamb\u00e9m um senso de humor e ironia muito c\u00e1usticos, possivelmente explorados para celebrar, atrav\u00e9s do nome deste prato, a mais antiga profiss\u00e3o do mundo. [&#8230;]<\/p>\n<p>&#8212;<\/p>\n<p><strong>\u00a0Fonte da mat\u00e9ria: <\/strong>Chef Guilherme Uras.<\/p>\n<p>Ciao! Arrivederci!!<\/p>\n<p><strong>\u00a0<\/strong><\/p>\n<p><strong><a href=\"http:\/\/www.r2cpress.com.br\/v1\/wp-content\/uploads\/Uras.jpg\"><img loading=\"lazy\" class=\"alignright size-full wp-image-22423\" title=\"Uras\" src=\"http:\/\/www.r2cpress.com.br\/v1\/wp-content\/uploads\/Uras.jpg\" alt=\"\" width=\"150\" height=\"211\" \/><\/a>Guilherme Palaia Uras<\/strong><\/p>\n<p>28 anos, S\u00e3o Paulo \u2013 SP<\/p>\n<p>Gastr\u00f4nomo diplomado pela Universidade Anhembi Morumbi \u2013 S\u00e3o Paulo<br \/>\nPerfil Profissional: Diretor Executivo e Chef da Fratelloni Cuisine, empresa voltada ao fornecimento de alimentos.<\/p>\n<p><strong>Trabalhos Realizados:<\/strong> Eventos no Restaurante Ka\u00e0, Julia Gastronomia e Consagrado Restaurante.<\/p>\n<p><strong>Contato: Guilherme@fratelloni.com.br <\/strong><\/p>\n","protected":false},"excerpt":{"rendered":"<p>Apresento-lhes hoje o colega, amigo e Chef Guilherme, que ir\u00e1 nos presentear com receitas italianas saboros\u00edssimas e hist\u00f3rias daquele povo que sabe bem o que \u00e9 criar e comer bem e saud\u00e1vel! Viva a It\u00e1lia! Arrivederci amici! Aline Fidelman &#8212; ESPAGUETE A PUTANESCA \u00a0 Ingredientes: &nbsp; *Para 350 g de espaguete, 400g de tomates maduros [&hellip;]<\/p>\n","protected":false},"author":2,"featured_media":0,"comment_status":"open","ping_status":"open","sticky":false,"template":"","format":"standard","meta":{"_links_to":"","_links_to_target":""},"categories":[30],"tags":[],"_links":{"self":[{"href":"https:\/\/www.r2cpress.com.br\/v1\/wp-json\/wp\/v2\/posts\/22421"}],"collection":[{"href":"https:\/\/www.r2cpress.com.br\/v1\/wp-json\/wp\/v2\/posts"}],"about":[{"href":"https:\/\/www.r2cpress.com.br\/v1\/wp-json\/wp\/v2\/types\/post"}],"author":[{"embeddable":true,"href":"https:\/\/www.r2cpress.com.br\/v1\/wp-json\/wp\/v2\/users\/2"}],"replies":[{"embeddable":true,"href":"https:\/\/www.r2cpress.com.br\/v1\/wp-json\/wp\/v2\/comments?post=22421"}],"version-history":[{"count":6,"href":"https:\/\/www.r2cpress.com.br\/v1\/wp-json\/wp\/v2\/posts\/22421\/revisions"}],"predecessor-version":[{"id":22485,"href":"https:\/\/www.r2cpress.com.br\/v1\/wp-json\/wp\/v2\/posts\/22421\/revisions\/22485"}],"wp:attachment":[{"href":"https:\/\/www.r2cpress.com.br\/v1\/wp-json\/wp\/v2\/media?parent=22421"}],"wp:term":[{"taxonomy":"category","embeddable":true,"href":"https:\/\/www.r2cpress.com.br\/v1\/wp-json\/wp\/v2\/categories?post=22421"},{"taxonomy":"post_tag","embeddable":true,"href":"https:\/\/www.r2cpress.com.br\/v1\/wp-json\/wp\/v2\/tags?post=22421"}],"curies":[{"name":"wp","href":"https:\/\/api.w.org\/{rel}","templated":true}]}}