{"id":22429,"date":"2011-08-20T09:02:28","date_gmt":"2011-08-20T12:02:28","guid":{"rendered":"http:\/\/www.r2cpress.com.br\/v1\/?p=22429"},"modified":"2011-08-20T09:02:28","modified_gmt":"2011-08-20T12:02:28","slug":"contra-foto-nao-ha-argumento-foto-ilheus-revista-clicia-lyrio-na-capa","status":"publish","type":"post","link":"https:\/\/www.r2cpress.com.br\/v1\/2011\/08\/20\/contra-foto-nao-ha-argumento-foto-ilheus-revista-clicia-lyrio-na-capa\/","title":{"rendered":"&#8220;Contra foto n\u00e3o h\u00e1 argumento&#8221; &#8211; foto Ilh\u00e9us Revista- Clicia Lyrio na capa."},"content":{"rendered":"<p>De: Jane Hilda <jhildabadaro @hotmail.com><br \/>\nAssunto: &#8220;contra foto num h\u00e1 argumento&#8221; &#8211; foto Ilh\u00e9us Revista- Clicia Lyrio na capa.<\/p>\n<p>Corpo da mensagem:<br \/>\nVoltei no tempo ao ver aquela capa da Ilh\u00e9us Revista publicada no seu site h\u00e1 tr\u00eas dias, por Alfredo Amorim. Lembrei o dia da produ\u00e7\u00e3o daquela capa, que tem minha assinatura&#8230;escolhi a modelo,a linda Cl\u00edcia L\u00edrio, e seu traje carnavalesco no melhor estilo havaiano, tropical. Tamb\u00e9m o local da foto &#8211; no morro de Pernambuco,com o mar, um coqueiral,  e a cidade de Ilh\u00e9us como pano de fundo&#8230;e Beto Badar\u00f3 brilhantemente clicou!!!bons tempos, amigo Rabat!!!! Enquanto isso, l\u00e1 na reda\u00e7\u00e3o, trabalhando freneticamente para a edi\u00e7\u00e3o sair antes do carnaval (com a mat\u00e9ria dos antigos carnavais), estavam Janete Badar\u00f3, Jane K\u00e1tia, Pedro Matos&#8230;busc\u00e1vamos fatos e fotos antigas com as familias da cidade,para que a  reportagem pudesse registrar e resgatar a nossa hist\u00f3ria. Boas lembran\u00e7as!!!! abra\u00e7os!<\/p>\n<p>&#8212;<br \/>\nEsta mensagem foi enviada atrav\u00e9s do formul\u00e1rio de contato do site R2CPRESS | A Letra Fria da Verdade http:\/\/www.r2cpress.com.br\/v1<\/jhildabadaro><\/p>\n","protected":false},"excerpt":{"rendered":"<p>De: Jane Hilda Assunto: &#8220;contra foto num h\u00e1 argumento&#8221; &#8211; foto Ilh\u00e9us Revista- Clicia Lyrio na capa. Corpo da mensagem: Voltei no tempo ao ver aquela capa da Ilh\u00e9us Revista publicada no seu site h\u00e1 tr\u00eas dias, por Alfredo Amorim. Lembrei o dia da produ\u00e7\u00e3o daquela capa, que tem minha assinatura&#8230;escolhi a modelo,a linda Cl\u00edcia [&hellip;]<\/p>\n","protected":false},"author":2,"featured_media":0,"comment_status":"open","ping_status":"open","sticky":false,"template":"","format":"standard","meta":{"_links_to":"","_links_to_target":""},"categories":[10],"tags":[],"_links":{"self":[{"href":"https:\/\/www.r2cpress.com.br\/v1\/wp-json\/wp\/v2\/posts\/22429"}],"collection":[{"href":"https:\/\/www.r2cpress.com.br\/v1\/wp-json\/wp\/v2\/posts"}],"about":[{"href":"https:\/\/www.r2cpress.com.br\/v1\/wp-json\/wp\/v2\/types\/post"}],"author":[{"embeddable":true,"href":"https:\/\/www.r2cpress.com.br\/v1\/wp-json\/wp\/v2\/users\/2"}],"replies":[{"embeddable":true,"href":"https:\/\/www.r2cpress.com.br\/v1\/wp-json\/wp\/v2\/comments?post=22429"}],"version-history":[{"count":2,"href":"https:\/\/www.r2cpress.com.br\/v1\/wp-json\/wp\/v2\/posts\/22429\/revisions"}],"predecessor-version":[{"id":22431,"href":"https:\/\/www.r2cpress.com.br\/v1\/wp-json\/wp\/v2\/posts\/22429\/revisions\/22431"}],"wp:attachment":[{"href":"https:\/\/www.r2cpress.com.br\/v1\/wp-json\/wp\/v2\/media?parent=22429"}],"wp:term":[{"taxonomy":"category","embeddable":true,"href":"https:\/\/www.r2cpress.com.br\/v1\/wp-json\/wp\/v2\/categories?post=22429"},{"taxonomy":"post_tag","embeddable":true,"href":"https:\/\/www.r2cpress.com.br\/v1\/wp-json\/wp\/v2\/tags?post=22429"}],"curies":[{"name":"wp","href":"https:\/\/api.w.org\/{rel}","templated":true}]}}