{"id":22438,"date":"2011-08-20T10:05:08","date_gmt":"2011-08-20T13:05:08","guid":{"rendered":"http:\/\/www.r2cpress.com.br\/v1\/?p=22438"},"modified":"2011-08-20T10:05:43","modified_gmt":"2011-08-20T13:05:43","slug":"parque-de-exposicoes-de-ilheus-tem-novo-administrador","status":"publish","type":"post","link":"https:\/\/www.r2cpress.com.br\/v1\/2011\/08\/20\/parque-de-exposicoes-de-ilheus-tem-novo-administrador\/","title":{"rendered":"PARQUE DE EXPOSI\u00c7\u00d5ES DE ILH\u00c9US TEM NOVO ADMINISTRADOR"},"content":{"rendered":"<p><div id=\"attachment_22439\" style=\"width: 310px\" class=\"wp-caption alignleft\"><a href=\"http:\/\/www.r2cpress.com.br\/v1\/wp-content\/uploads\/DSC00201.jpg\"><img aria-describedby=\"caption-attachment-22439\" loading=\"lazy\" src=\"http:\/\/www.r2cpress.com.br\/v1\/wp-content\/uploads\/DSC00201-300x166.jpg\" alt=\"\" title=\"DSC00201\" width=\"300\" height=\"166\" class=\"size-medium wp-image-22439\" srcset=\"https:\/\/www.r2cpress.com.br\/v1\/wp-content\/uploads\/DSC00201-300x166.jpg 300w, https:\/\/www.r2cpress.com.br\/v1\/wp-content\/uploads\/DSC00201.jpg 450w\" sizes=\"(max-width: 300px) 100vw, 300px\" \/><\/a><p id=\"caption-attachment-22439\" class=\"wp-caption-text\">Clique para AMPLIAR.<\/p><\/div>No dia 17 de Agosto de 2011, o Sr. Luiz Marcio Oliveira de Carvalho, criador de 02 belos animais, um da ra\u00e7a mangalarga Machador e o outro da ra\u00e7a Campolino, tomou posse da nova administra\u00e7\u00e3o do Parque de Exposi\u00e7\u00f5es de Ilh\u00e9us, conforme escrito em ATA pela AIC ( Associa\u00e7\u00e3o de Ilheense dos Criadores ) representada pelo nosso presidente Jo\u00e3o Bittencourt, na ocisi\u00e3o, estavam presentes os membros que ir\u00e3o fazer parte desta nova equipe que ir\u00e1 assumir este desafio de continuar com o trabalho do nosso presidente Jo\u00e3o Bitencourt em parceria com a \u201cAIC\u201d, s\u00e3o eles (Marcell Tavares, Jorge Menezes, Bruno Mendon\u00e7a, Edilson Santos).<\/p>\n","protected":false},"excerpt":{"rendered":"<p>No dia 17 de Agosto de 2011, o Sr. Luiz Marcio Oliveira de Carvalho, criador de 02 belos animais, um da ra\u00e7a mangalarga Machador e o outro da ra\u00e7a Campolino, tomou posse da nova administra\u00e7\u00e3o do Parque de Exposi\u00e7\u00f5es de Ilh\u00e9us, conforme escrito em ATA pela AIC ( Associa\u00e7\u00e3o de Ilheense dos Criadores ) representada [&hellip;]<\/p>\n","protected":false},"author":2,"featured_media":0,"comment_status":"open","ping_status":"open","sticky":false,"template":"","format":"standard","meta":{"_links_to":"","_links_to_target":""},"categories":[28],"tags":[],"_links":{"self":[{"href":"https:\/\/www.r2cpress.com.br\/v1\/wp-json\/wp\/v2\/posts\/22438"}],"collection":[{"href":"https:\/\/www.r2cpress.com.br\/v1\/wp-json\/wp\/v2\/posts"}],"about":[{"href":"https:\/\/www.r2cpress.com.br\/v1\/wp-json\/wp\/v2\/types\/post"}],"author":[{"embeddable":true,"href":"https:\/\/www.r2cpress.com.br\/v1\/wp-json\/wp\/v2\/users\/2"}],"replies":[{"embeddable":true,"href":"https:\/\/www.r2cpress.com.br\/v1\/wp-json\/wp\/v2\/comments?post=22438"}],"version-history":[{"count":3,"href":"https:\/\/www.r2cpress.com.br\/v1\/wp-json\/wp\/v2\/posts\/22438\/revisions"}],"predecessor-version":[{"id":22442,"href":"https:\/\/www.r2cpress.com.br\/v1\/wp-json\/wp\/v2\/posts\/22438\/revisions\/22442"}],"wp:attachment":[{"href":"https:\/\/www.r2cpress.com.br\/v1\/wp-json\/wp\/v2\/media?parent=22438"}],"wp:term":[{"taxonomy":"category","embeddable":true,"href":"https:\/\/www.r2cpress.com.br\/v1\/wp-json\/wp\/v2\/categories?post=22438"},{"taxonomy":"post_tag","embeddable":true,"href":"https:\/\/www.r2cpress.com.br\/v1\/wp-json\/wp\/v2\/tags?post=22438"}],"curies":[{"name":"wp","href":"https:\/\/api.w.org\/{rel}","templated":true}]}}