{"id":22450,"date":"2011-08-20T18:11:17","date_gmt":"2011-08-20T21:11:17","guid":{"rendered":"http:\/\/www.r2cpress.com.br\/v1\/?p=22450"},"modified":"2011-08-20T18:11:17","modified_gmt":"2011-08-20T21:11:17","slug":"campanha-eleitoral","status":"publish","type":"post","link":"https:\/\/www.r2cpress.com.br\/v1\/2011\/08\/20\/campanha-eleitoral\/","title":{"rendered":"CAMPANHA ELEITORAL"},"content":{"rendered":"<p><img loading=\"lazy\" alt=\"\" src=\"http:\/\/www.r2cpress.com.br\/v1\/wp-content\/uploads\/ze-carlos-junior-para-novo-site.jpg\" class=\"alignleft\" width=\"300\" height=\"164\" \/>Neste pa\u00eds varonil o que n\u00e3o falta \u00e9 impunidade e descaso.<br \/>\nOs pol\u00edticos e seus partidos est\u00e3o definitivamente tomando conta do peda\u00e7o, se acham os donos do poder, tudo para eles \u00e9 normal, seja corrup\u00e7\u00e3o, falta de \u00e9tica, decoro parlamentar, o escambau.<\/p>\n<p>N\u00e3o indo muito longe e tendo um exemplo caseiro, em toda a nossa cidade se v\u00ea espalhado outdoors de pessoas p\u00fablicas com frases alusivas ao dia dos pais, dia do amigo, anivers\u00e1rio de secret\u00e1rio, n\u00e3o sei quantos anos de pastor, ve\u00edculo parado na cabeceira da ponte com retrato de vereador, radialistas usando a pra\u00e7a com suas mensagens, etc.<\/p>\n<p>Conversando com um professor de direito, fui alertado de que tal fato explicitamente n\u00e3o configura campanha eleitoral, pois n\u00e3o aparece sigla de partido ou alguma indica\u00e7\u00e3o num\u00e9rica de um pseudo candidato.<\/p>\n<p>Como n\u00e3o entendo \u00e0s vezes as decis\u00f5es do Senhor dos Ex\u00e9rcitos, tamb\u00e9m n\u00e3o engoli a mensagem do meu amigo professor de direito.<\/p>\n<p>Para mim a verdade nua e crua \u00e9 que j\u00e1 est\u00e1 aberta claramente a campanha eleitoral para 2012.<\/p>\n<p>Se a justi\u00e7a viesse a ver com os \u00f3culos de grau adequado para enxergar o que est\u00e1 sendo veiculado, claro que o m\u00e9todo adotado pelos nossos homens p\u00fablicos \u00e9 de pura campanha eleitoral.<\/p>\n<p>Portanto, incautos cidad\u00e3os,quando voc\u00ea ver uma placa com a foto de algum homem p\u00fablico e ligado ao meio pol\u00edtico, voc\u00ea est\u00e1 vendo uma campanha eleitoral.<\/p>\n<p>Pode faltar tudo, honestidade, \u00e9tica e compromisso, mas o faz-me rir sempre existe nas m\u00e3os desses <b> \u201cdevotados\u201d <\/b> cidad\u00e3os para divulgar suas mensagens cheias de hipocrisia.<\/p>\n<p><b>Z\u00c9CARLOS JUNIOR<\/b><\/p>\n","protected":false},"excerpt":{"rendered":"<p>Neste pa\u00eds varonil o que n\u00e3o falta \u00e9 impunidade e descaso. Os pol\u00edticos e seus partidos est\u00e3o definitivamente tomando conta do peda\u00e7o, se acham os donos do poder, tudo para eles \u00e9 normal, seja corrup\u00e7\u00e3o, falta de \u00e9tica, decoro parlamentar, o escambau. N\u00e3o indo muito longe e tendo um exemplo caseiro, em toda a nossa [&hellip;]<\/p>\n","protected":false},"author":2,"featured_media":0,"comment_status":"open","ping_status":"open","sticky":false,"template":"","format":"standard","meta":{"_links_to":"","_links_to_target":""},"categories":[10],"tags":[],"_links":{"self":[{"href":"https:\/\/www.r2cpress.com.br\/v1\/wp-json\/wp\/v2\/posts\/22450"}],"collection":[{"href":"https:\/\/www.r2cpress.com.br\/v1\/wp-json\/wp\/v2\/posts"}],"about":[{"href":"https:\/\/www.r2cpress.com.br\/v1\/wp-json\/wp\/v2\/types\/post"}],"author":[{"embeddable":true,"href":"https:\/\/www.r2cpress.com.br\/v1\/wp-json\/wp\/v2\/users\/2"}],"replies":[{"embeddable":true,"href":"https:\/\/www.r2cpress.com.br\/v1\/wp-json\/wp\/v2\/comments?post=22450"}],"version-history":[{"count":2,"href":"https:\/\/www.r2cpress.com.br\/v1\/wp-json\/wp\/v2\/posts\/22450\/revisions"}],"predecessor-version":[{"id":22452,"href":"https:\/\/www.r2cpress.com.br\/v1\/wp-json\/wp\/v2\/posts\/22450\/revisions\/22452"}],"wp:attachment":[{"href":"https:\/\/www.r2cpress.com.br\/v1\/wp-json\/wp\/v2\/media?parent=22450"}],"wp:term":[{"taxonomy":"category","embeddable":true,"href":"https:\/\/www.r2cpress.com.br\/v1\/wp-json\/wp\/v2\/categories?post=22450"},{"taxonomy":"post_tag","embeddable":true,"href":"https:\/\/www.r2cpress.com.br\/v1\/wp-json\/wp\/v2\/tags?post=22450"}],"curies":[{"name":"wp","href":"https:\/\/api.w.org\/{rel}","templated":true}]}}