{"id":22453,"date":"2011-08-20T20:08:51","date_gmt":"2011-08-20T23:08:51","guid":{"rendered":"http:\/\/www.r2cpress.com.br\/v1\/?p=22453"},"modified":"2011-08-20T20:08:51","modified_gmt":"2011-08-20T23:08:51","slug":"encontro-na-camara-vai-debater-censura-em-internet-e-publicidade","status":"publish","type":"post","link":"https:\/\/www.r2cpress.com.br\/v1\/2011\/08\/20\/encontro-na-camara-vai-debater-censura-em-internet-e-publicidade\/","title":{"rendered":"Encontro na C\u00e2mara vai debater censura em internet e publicidade"},"content":{"rendered":"<p><em><strong>Censura judicial imposta ao Estado estar\u00e1 em debate, assim como as amea\u00e7as de mais de 200 projetos de lei em tramita\u00e7\u00e3o no Congresso Nacional<\/strong><\/em><\/p>\n<p>As amea\u00e7as de censura nas redes sociais da internet e \u00e0 liberdade de express\u00e3o comercial. Essas s\u00e3o duas das discuss\u00f5es pautadas para os debates da 6.\u00aa Confer\u00eancia Legislativa sobre Liberdade de Express\u00e3o, promovida pelo Instituto Palavra Aberta e a C\u00e2mara dos Deputados, marcado para esta ter\u00e7a-feira. A discuss\u00e3o sobre a liberdade na internet \u00e9 uma novidade nos debates da confer\u00eancia.<\/p>\n<p>O uso da internet para organizar e promover manifesta\u00e7\u00f5es sociais e a rea\u00e7\u00e3o dos governos a essa ferramenta imp\u00f4s a discuss\u00e3o sobre a liberdade nas redes sociais. Patr\u00edcia Blanco, presidente executiva do Palavra Aberta, que participar\u00e1 da abertura da confer\u00eancia, diz que o assunto ganhou relev\u00e2ncia a partir das mobiliza\u00e7\u00f5es registradas na Primavera \u00c1rabe, principalmente no Egito e na L\u00edbia, e, h\u00e1 algumas semanas, em Londres, onde os manifestantes combinaram por meio das redes sociais uma s\u00e9rie de saques e depreda\u00e7\u00f5es.<\/p>\n<p>O primeiro-ministro brit\u00e2nico, David Cameron, est\u00e1 discutindo a possibilidade de o governo intervir em alguns servi\u00e7os de internet, bloqueando a comunica\u00e7\u00e3o. \u201cEssa medida nada mais \u00e9 que uma censura e pode gerar uma crise. Temos muito que discutir sobre como fazer com que a liberdade nas redes sociais n\u00e3o v\u00e1 para o lado negativo e que n\u00e3o haja nenhum risco para restringir o direito\u201d, disse Patr\u00edcia em depoimento ao site do instituto.<\/p>\n<p><!--more--><\/p>\n<p>Censura. A censura judicial imposta ao Estado estar\u00e1 mais uma vez em debate, assim como as amea\u00e7as de mais de 200 projetos de lei em tramita\u00e7\u00e3o no Congresso Nacional e que tentam restringir de alguma forma a liberdade de express\u00e3o. \u201cAs propostas, em sua maioria, focam na liberdade de express\u00e3o comercial, que trata do direito das empresas de anunciar seus produtos. O consumidor pode e deve ter acesso a informa\u00e7\u00f5es e n\u00e3o cabe aos parlamentares regulamentar a atividade\u201d, diz Patr\u00edcia Blanco.<\/p>\n<p>Al\u00e9m da presidente do Palavra Aberta, participam da abertura do evento o presidente da C\u00e2mara Marco Maia (PT-RS), a ministra Helena Chagas (Comunica\u00e7\u00e3o Social) e Jos\u00e9 Roberto Whitaker Penteado, professor da Escola Superior de Propaganda e Marketing (ESPM).<\/p>\n<p>Pain\u00e9is.Os dois pain\u00e9is, com palestrantes e debatedores, s\u00e3o \u201cAvan\u00e7os e Desafios na Liberdade de Express\u00e3o no Brasil\u201d e \u201cDesafios da Liberdade de Express\u00e3o na Era da Internet\u201d. Os pain\u00e9is ter\u00e3o como palestrantes e debatedores o diretor de Conte\u00fado do Grupo Estado, Ricardo Gandour; os colunistas do Estado Eug\u00eanio Bucci e Fernando Gabeira; o jornalista do caderno Link, Alexandre Matias; os deputados federais Manuela D\u2019\u00c1vila (PC do B-RS) e Eduardo Gomes (PSDB-TO); al\u00e9m de Fernando Rodrigues, jornalista da Folha de S. Paulo, a mestre em Direito pela Universidade de S\u00e3o Paulo (USP) Ta\u00eds Gasparian e o professor da ESPM Emmanuel Publio Dias. <\/p>\n<p>&#8212;<br \/>\n<a href = \"http:\/\/www.estadao.com.br\/noticias\/nacional,encontro-na-camara-vai-debater-censura-em-internet-e-publicidade,761442,0.htm\" target = \"_news\"><b>estadao.com.br<\/b><\/a><\/p>\n","protected":false},"excerpt":{"rendered":"<p>Censura judicial imposta ao Estado estar\u00e1 em debate, assim como as amea\u00e7as de mais de 200 projetos de lei em tramita\u00e7\u00e3o no Congresso Nacional As amea\u00e7as de censura nas redes sociais da internet e \u00e0 liberdade de express\u00e3o comercial. Essas s\u00e3o duas das discuss\u00f5es pautadas para os debates da 6.\u00aa Confer\u00eancia Legislativa sobre Liberdade de [&hellip;]<\/p>\n","protected":false},"author":2,"featured_media":0,"comment_status":"open","ping_status":"open","sticky":false,"template":"","format":"standard","meta":{"_links_to":"","_links_to_target":""},"categories":[18],"tags":[],"_links":{"self":[{"href":"https:\/\/www.r2cpress.com.br\/v1\/wp-json\/wp\/v2\/posts\/22453"}],"collection":[{"href":"https:\/\/www.r2cpress.com.br\/v1\/wp-json\/wp\/v2\/posts"}],"about":[{"href":"https:\/\/www.r2cpress.com.br\/v1\/wp-json\/wp\/v2\/types\/post"}],"author":[{"embeddable":true,"href":"https:\/\/www.r2cpress.com.br\/v1\/wp-json\/wp\/v2\/users\/2"}],"replies":[{"embeddable":true,"href":"https:\/\/www.r2cpress.com.br\/v1\/wp-json\/wp\/v2\/comments?post=22453"}],"version-history":[{"count":2,"href":"https:\/\/www.r2cpress.com.br\/v1\/wp-json\/wp\/v2\/posts\/22453\/revisions"}],"predecessor-version":[{"id":22455,"href":"https:\/\/www.r2cpress.com.br\/v1\/wp-json\/wp\/v2\/posts\/22453\/revisions\/22455"}],"wp:attachment":[{"href":"https:\/\/www.r2cpress.com.br\/v1\/wp-json\/wp\/v2\/media?parent=22453"}],"wp:term":[{"taxonomy":"category","embeddable":true,"href":"https:\/\/www.r2cpress.com.br\/v1\/wp-json\/wp\/v2\/categories?post=22453"},{"taxonomy":"post_tag","embeddable":true,"href":"https:\/\/www.r2cpress.com.br\/v1\/wp-json\/wp\/v2\/tags?post=22453"}],"curies":[{"name":"wp","href":"https:\/\/api.w.org\/{rel}","templated":true}]}}