{"id":22460,"date":"2011-08-21T08:07:04","date_gmt":"2011-08-21T11:07:04","guid":{"rendered":"http:\/\/www.r2cpress.com.br\/v1\/?p=22460"},"modified":"2011-08-21T08:07:04","modified_gmt":"2011-08-21T11:07:04","slug":"moradores-da-av-2-de-julho-sofrem","status":"publish","type":"post","link":"https:\/\/www.r2cpress.com.br\/v1\/2011\/08\/21\/moradores-da-av-2-de-julho-sofrem\/","title":{"rendered":"MORADORES DA AV.2 DE JULHO SOFREM!!!!!"},"content":{"rendered":"<p>De: dominique <mima .moreira@hotmail.com><br \/>\nAssunto: MORADORES DA AV.2 DE JULHO SOFREM!!!!!<\/p>\n<p>Corpo da mensagem:<br \/>\nOl\u00e1 Rabat<\/p>\n<p>Mais uma vez voltamos a pedir socorro!!!<br \/>\nSer\u00e1 que seria poss\u00edvel ,nas noites de sexta e sabados,alguma viatura sempre passar pela 2 de julho?<br \/>\nJ\u00e1 n\u00e3o aguento mais, ouvir briga de supostos flanelinhas,com altos palavr\u00f5es,brigas,dizendo eles que guardam os ve\u00edculos aqui estacionados.<br \/>\nAgora aparecu um tal de manchinha,assim \u00e9 conhecido,e ai os palavr\u00f5es aumentam.<br \/>\nPor favor POL\u00cdCIA,preciso de PAZ,preciso DORMIR, \u00e9 meu direito descansar.<br \/>\nAgora mesmo [1 hora desta madrugada], chamei 190, e c\u00e1 eles nem apareceram.Fora a zuada dos ve\u00edculos e aborrecimento que estacionam nas nossas garagens, impossibilitando at\u00e9 de sa\u00edrmos, ou chegarmos.<br \/>\nAgora mesmo tem um ONIBUS na minha garagem, e por cima LIGADO o motor.<br \/>\nIsto \u00e9 uma grande falta de respeito.N\u00c3O AGUENTO MAIS, POR QUEM DEVO CHAMAR?<br \/>\nExiste um \u00f3rg\u00e3o competente aqui nesta cidade, ou a cidade \u00e9 entregue aos gatos e cachorros? Paci\u00eancia!!!<\/p>\n<p>&#8212;<br \/>\nEsta mensagem foi enviada atrav\u00e9s do formul\u00e1rio de contato do site R2CPRESS | A Letra Fria da Verdade http:\/\/www.r2cpress.com.br\/v1<br \/>\n<\/mima><\/p>\n","protected":false},"excerpt":{"rendered":"<p>De: dominique Assunto: MORADORES DA AV.2 DE JULHO SOFREM!!!!! Corpo da mensagem: Ol\u00e1 Rabat Mais uma vez voltamos a pedir socorro!!! Ser\u00e1 que seria poss\u00edvel ,nas noites de sexta e sabados,alguma viatura sempre passar pela 2 de julho? J\u00e1 n\u00e3o aguento mais, ouvir briga de supostos flanelinhas,com altos palavr\u00f5es,brigas,dizendo eles que guardam os ve\u00edculos aqui [&hellip;]<\/p>\n","protected":false},"author":2,"featured_media":0,"comment_status":"open","ping_status":"open","sticky":false,"template":"","format":"standard","meta":{"_links_to":"","_links_to_target":""},"categories":[10],"tags":[],"_links":{"self":[{"href":"https:\/\/www.r2cpress.com.br\/v1\/wp-json\/wp\/v2\/posts\/22460"}],"collection":[{"href":"https:\/\/www.r2cpress.com.br\/v1\/wp-json\/wp\/v2\/posts"}],"about":[{"href":"https:\/\/www.r2cpress.com.br\/v1\/wp-json\/wp\/v2\/types\/post"}],"author":[{"embeddable":true,"href":"https:\/\/www.r2cpress.com.br\/v1\/wp-json\/wp\/v2\/users\/2"}],"replies":[{"embeddable":true,"href":"https:\/\/www.r2cpress.com.br\/v1\/wp-json\/wp\/v2\/comments?post=22460"}],"version-history":[{"count":2,"href":"https:\/\/www.r2cpress.com.br\/v1\/wp-json\/wp\/v2\/posts\/22460\/revisions"}],"predecessor-version":[{"id":22462,"href":"https:\/\/www.r2cpress.com.br\/v1\/wp-json\/wp\/v2\/posts\/22460\/revisions\/22462"}],"wp:attachment":[{"href":"https:\/\/www.r2cpress.com.br\/v1\/wp-json\/wp\/v2\/media?parent=22460"}],"wp:term":[{"taxonomy":"category","embeddable":true,"href":"https:\/\/www.r2cpress.com.br\/v1\/wp-json\/wp\/v2\/categories?post=22460"},{"taxonomy":"post_tag","embeddable":true,"href":"https:\/\/www.r2cpress.com.br\/v1\/wp-json\/wp\/v2\/tags?post=22460"}],"curies":[{"name":"wp","href":"https:\/\/api.w.org\/{rel}","templated":true}]}}