{"id":22536,"date":"2011-08-22T11:18:42","date_gmt":"2011-08-22T14:18:42","guid":{"rendered":"http:\/\/www.r2cpress.com.br\/v1\/?p=22536"},"modified":"2011-08-22T11:18:42","modified_gmt":"2011-08-22T14:18:42","slug":"denuncia-5","status":"publish","type":"post","link":"https:\/\/www.r2cpress.com.br\/v1\/2011\/08\/22\/denuncia-5\/","title":{"rendered":"denuncia"},"content":{"rendered":"<p>De: guarda indignado <guardaindignado @hotmail.com><br \/>\nAssunto: denuncia<\/p>\n<p>Corpo da mensagem:<br \/>\nBom dia meu;<br \/>\nvenho aqui neste espa\u00e7o democr\u00e1tico para desabafar casos que vem ocorrendo na Guarda Municipal de Ilh\u00e9us, como o total descompromisso por parte do secretario Marcelo Barreto.<br \/>\nj\u00e1 estamos trabalhando h\u00e1 mais de dois anos com um \u00fanico fardamento que j\u00e1 nem sabemos mas que cor \u00e9 J\u00c1 COSTURADO VARIAS VEZES PELO ENFRAQUECIMENTO DAS LINHAS DEVIDO AO TEMPO, coturnos tambem rasgados, estamos sem identifica\u00e7\u00e3o tambem h\u00e1 mais de um ano pois a identifica\u00e7\u00e3o que t\u00ednhamos venceu em dezembro de 2010, as bicicletas que foi adiquirida com recursos do governo federal foi doada e as 03 motos e o caminh\u00e3o KIA est\u00e3o desemplacados j\u00e1 esta completando dois anos e ficam escondidas ningu\u00e9m sabe onde.<br \/>\nA GCMI parece ter sido esquecida depois que esse secretario assumiu a secretaria de Seguran\u00e7a Transporte e Transito, s\u00f3 faz promessas mas n\u00e3o cumpre nenhuma delas a n\u00e3o ser de &#8230; <strong>(cortado\/Rabat)<\/strong> &#8230; na SETRANS.<br \/>\nGostar\u00edamos de mais respeito, pois todos os outros setores da prefeitura os servidores recebem fardamentos no tempo certo s\u00f3 com a GCMI que acontece isso.<br \/>\nSem mais agrade\u00e7o por este espa\u00e7o que sempre tem nos recebido com muito respeito e aten\u00e7\u00e3o.<\/p>\n<p>&#8212;<br \/>\nEsta mensagem foi enviada atrav\u00e9s do formul\u00e1rio de contato do site R2CPRESS | A Letra Fria da Verdade http:\/\/www.r2cpress.com.br\/v1<br \/>\n<\/guardaindignado><\/p>\n","protected":false},"excerpt":{"rendered":"<p>De: guarda indignado Assunto: denuncia Corpo da mensagem: Bom dia meu; venho aqui neste espa\u00e7o democr\u00e1tico para desabafar casos que vem ocorrendo na Guarda Municipal de Ilh\u00e9us, como o total descompromisso por parte do secretario Marcelo Barreto. j\u00e1 estamos trabalhando h\u00e1 mais de dois anos com um \u00fanico fardamento que j\u00e1 nem sabemos mas que [&hellip;]<\/p>\n","protected":false},"author":2,"featured_media":0,"comment_status":"open","ping_status":"open","sticky":false,"template":"","format":"standard","meta":{"_links_to":"","_links_to_target":""},"categories":[10],"tags":[],"_links":{"self":[{"href":"https:\/\/www.r2cpress.com.br\/v1\/wp-json\/wp\/v2\/posts\/22536"}],"collection":[{"href":"https:\/\/www.r2cpress.com.br\/v1\/wp-json\/wp\/v2\/posts"}],"about":[{"href":"https:\/\/www.r2cpress.com.br\/v1\/wp-json\/wp\/v2\/types\/post"}],"author":[{"embeddable":true,"href":"https:\/\/www.r2cpress.com.br\/v1\/wp-json\/wp\/v2\/users\/2"}],"replies":[{"embeddable":true,"href":"https:\/\/www.r2cpress.com.br\/v1\/wp-json\/wp\/v2\/comments?post=22536"}],"version-history":[{"count":2,"href":"https:\/\/www.r2cpress.com.br\/v1\/wp-json\/wp\/v2\/posts\/22536\/revisions"}],"predecessor-version":[{"id":22538,"href":"https:\/\/www.r2cpress.com.br\/v1\/wp-json\/wp\/v2\/posts\/22536\/revisions\/22538"}],"wp:attachment":[{"href":"https:\/\/www.r2cpress.com.br\/v1\/wp-json\/wp\/v2\/media?parent=22536"}],"wp:term":[{"taxonomy":"category","embeddable":true,"href":"https:\/\/www.r2cpress.com.br\/v1\/wp-json\/wp\/v2\/categories?post=22536"},{"taxonomy":"post_tag","embeddable":true,"href":"https:\/\/www.r2cpress.com.br\/v1\/wp-json\/wp\/v2\/tags?post=22536"}],"curies":[{"name":"wp","href":"https:\/\/api.w.org\/{rel}","templated":true}]}}