{"id":22542,"date":"2011-08-22T11:38:09","date_gmt":"2011-08-22T14:38:09","guid":{"rendered":"http:\/\/www.r2cpress.com.br\/v1\/?p=22542"},"modified":"2011-08-22T11:38:09","modified_gmt":"2011-08-22T14:38:09","slug":"agu-avaliza-operacao-de-desmonte-das-barracas-da-praia-do-futuro","status":"publish","type":"post","link":"https:\/\/www.r2cpress.com.br\/v1\/2011\/08\/22\/agu-avaliza-operacao-de-desmonte-das-barracas-da-praia-do-futuro\/","title":{"rendered":"AGU avaliza operacao de desmonte das barracas da Praia do Futuro"},"content":{"rendered":"<p>Rabat<br \/>\nVeja que beleza de estrutura podera ter um fim tragico para o trade turistico em Fortaleza.<br \/>\nEduardo Carvalho &#8211; Siri<br \/>\n&#8212;<\/p>\n<p><strong>AGU avaliza operacao de desmonte das barracas da Praia do Futuro<\/strong><\/p>\n<p>\u201cMais um passo foi dado rumo \u00e0 demoli\u00e7\u00e3o das barracas da Praia do Futuro. Al\u00e9m do Minist\u00e9rio P\u00fablico Federal (MPF) e Prefeitura de Fortaleza, agora \u00e9 a Advocacia Geral da Uni\u00e3o (AGU) quem concorda com a retirada dos empreendimentos.<\/p>\n<p><div id=\"attachment_22544\" style=\"width: 310px\" class=\"wp-caption alignleft\"><a href=\"http:\/\/www.r2cpress.com.br\/v1\/wp-content\/uploads\/praia_do_futuro-barracas-2.jpg\"><img aria-describedby=\"caption-attachment-22544\" loading=\"lazy\" src=\"http:\/\/www.r2cpress.com.br\/v1\/wp-content\/uploads\/praia_do_futuro-barracas-2.jpg\" alt=\"\" title=\"praia_do_futuro-barracas-2\" width=\"300\" height=\"253\" class=\"size-full wp-image-22544\" \/><\/a><p id=\"caption-attachment-22544\" class=\"wp-caption-text\">Foto: Internet<\/p><\/div>Em 175 p\u00e1ginas, a advogada da Uni\u00e3o no Cear\u00e1, Isabel Cec\u00edlia de Oliveira, fundamenta seu parecer favor\u00e1vel \u00e0 desativa\u00e7\u00e3o das constru\u00e7\u00f5es.<\/p>\n<p>Ela posicionou-se ap\u00f3s a Superintend\u00eancia do Patrim\u00f4nio da Uni\u00e3o (SPU) provocar a AGU por ter sido citada em recomenda\u00e7\u00e3o expedida pelo MPF indicando a necessidade de as barracas serem demolidas.<\/p>\n<p>Segundo o MPF, elas foram constru\u00eddas em terreno de Marinha. O entendimento \u00e9 o mesmo de Isabel, que acatou os seis pontos da recomenda\u00e7\u00e3o do Minist\u00e9rio P\u00fablico.<\/p>\n<p>O \u00f3rg\u00e3o pediu a queda das barracas desocupadas, abandonadas e em ru\u00ednas; demoli\u00e7\u00e3o das destinadas \u00e0 moradia; interdi\u00e7\u00e3o das sem documenta\u00e7\u00e3o e registro; interdi\u00e7\u00e3o das \u00e1reas excedentes das que tenham autoriza\u00e7\u00e3o; cancelamento dos registros e termos de permiss\u00e3o das barracas em \u00e1rea de praia; e aplica\u00e7\u00e3o de multa aos inadimplentes e indeniza\u00e7\u00e3o para a ocupa\u00e7\u00e3o de \u00e1rea de praia.<\/p>\n<p><!--more--><\/p>\n<p>Contudo, a decis\u00e3o da advogada ainda precisa do aval do procurador-chefe da Uni\u00e3o no Cear\u00e1, Jos\u00e9 de Arimat\u00e9a Neto, para ter validade e gerar algum desdobramento pr\u00e1tico.<\/p>\n<p>O documento est\u00e1 com o jurista desde o fim de junho, m\u00eas inicialmente datado para o in\u00edcio das demoli\u00e7\u00f5es. \u201cSe ele decidir pela aprova\u00e7\u00e3o, a gente j\u00e1 inicia esse trabalho nas que est\u00e3o abandonadas.<\/p>\n<p>A ideia \u00e9 que seja feito tudo de forma progressiva. Depois, as outras sairiam\u201d, afirma Isabel.<\/p>\n<p>N\u00e3o existe prazo limite para o procurador-chefe divulgar se acata ou rejeita o parecer da advogada. Contudo, a expectativa (dela e da SPU) \u00e9 de que Arimat\u00e9a concorde com a decis\u00e3o.<\/p>\n<p>Por um motivo simples: casos similares em outros estados brasileiros tiveram esse desfecho. \u201cA ilegalidade \u00e9 patente em todas as ocupa\u00e7\u00f5es, que deviam ter sido constru\u00eddas do outro lado da avenida\u201d, adianta Isabel.<\/p>\n<p>Pelas contas da SPU, as demoli\u00e7\u00f5es iniciam at\u00e9 dezembro. \u201cA n\u00e3o ser que surja uma nova per\u00edcia que desdiga o que foi dito (de as barracas estarem em terreno de Marinha)\u201d, pontua o chefe da SPU no Cear\u00e1, Cl\u00e9sio Jean Saraiva.<\/p>\n<p>&#8212;<br \/>\nMat\u00e9ria completa no <a href = \"http:\/\/www.opovo.com.br\/app\/opovo\/fortaleza\/2011\/08\/20\/noticiafortalezajornal,2282938\/agu-emite-parecer-favoravel-a-demolicao.shtml\" target = \"_news\"><b>O POVO<\/b><\/a><\/p>\n","protected":false},"excerpt":{"rendered":"<p>Rabat Veja que beleza de estrutura podera ter um fim tragico para o trade turistico em Fortaleza. Eduardo Carvalho &#8211; Siri &#8212; AGU avaliza operacao de desmonte das barracas da Praia do Futuro \u201cMais um passo foi dado rumo \u00e0 demoli\u00e7\u00e3o das barracas da Praia do Futuro. Al\u00e9m do Minist\u00e9rio P\u00fablico Federal (MPF) e Prefeitura [&hellip;]<\/p>\n","protected":false},"author":2,"featured_media":0,"comment_status":"open","ping_status":"open","sticky":false,"template":"","format":"standard","meta":{"_links_to":"","_links_to_target":""},"categories":[10],"tags":[],"_links":{"self":[{"href":"https:\/\/www.r2cpress.com.br\/v1\/wp-json\/wp\/v2\/posts\/22542"}],"collection":[{"href":"https:\/\/www.r2cpress.com.br\/v1\/wp-json\/wp\/v2\/posts"}],"about":[{"href":"https:\/\/www.r2cpress.com.br\/v1\/wp-json\/wp\/v2\/types\/post"}],"author":[{"embeddable":true,"href":"https:\/\/www.r2cpress.com.br\/v1\/wp-json\/wp\/v2\/users\/2"}],"replies":[{"embeddable":true,"href":"https:\/\/www.r2cpress.com.br\/v1\/wp-json\/wp\/v2\/comments?post=22542"}],"version-history":[{"count":3,"href":"https:\/\/www.r2cpress.com.br\/v1\/wp-json\/wp\/v2\/posts\/22542\/revisions"}],"predecessor-version":[{"id":22546,"href":"https:\/\/www.r2cpress.com.br\/v1\/wp-json\/wp\/v2\/posts\/22542\/revisions\/22546"}],"wp:attachment":[{"href":"https:\/\/www.r2cpress.com.br\/v1\/wp-json\/wp\/v2\/media?parent=22542"}],"wp:term":[{"taxonomy":"category","embeddable":true,"href":"https:\/\/www.r2cpress.com.br\/v1\/wp-json\/wp\/v2\/categories?post=22542"},{"taxonomy":"post_tag","embeddable":true,"href":"https:\/\/www.r2cpress.com.br\/v1\/wp-json\/wp\/v2\/tags?post=22542"}],"curies":[{"name":"wp","href":"https:\/\/api.w.org\/{rel}","templated":true}]}}