{"id":22547,"date":"2011-08-22T11:46:29","date_gmt":"2011-08-22T14:46:29","guid":{"rendered":"http:\/\/www.r2cpress.com.br\/v1\/?p=22547"},"modified":"2011-08-22T11:46:29","modified_gmt":"2011-08-22T14:46:29","slug":"ii-trofeu-saude-em-foco-vem-com-novidades-e-muita-homenagem","status":"publish","type":"post","link":"https:\/\/www.r2cpress.com.br\/v1\/2011\/08\/22\/ii-trofeu-saude-em-foco-vem-com-novidades-e-muita-homenagem\/","title":{"rendered":"II Trof\u00e9u Sa\u00fade em Foco vem com novidades e muita homenagem"},"content":{"rendered":"<div id=\"attachment_22548\" style=\"width: 210px\" class=\"wp-caption alignright\"><a href=\"http:\/\/www.r2cpress.com.br\/v1\/wp-content\/uploads\/brena_3.jpg\"><img aria-describedby=\"caption-attachment-22548\" loading=\"lazy\" class=\"size-full wp-image-22548\" title=\"brena_3\" src=\"http:\/\/www.r2cpress.com.br\/v1\/wp-content\/uploads\/brena_3.jpg\" alt=\"\" width=\"200\" height=\"183\" \/><\/a><p id=\"caption-attachment-22548\" class=\"wp-caption-text\">A cantora Brena Gon\u00e7alves animar\u00e1 a noite do II Trof\u00e9u Sa\u00fade em Foco.<\/p><\/div>\n<p>Acontecer\u00e1 nesta quinta-feira, dia 25 de agosto \u00e0s 19h, o grande momento da sa\u00fade de Ilh\u00e9us. Com entrega de trof\u00e9us, show musical e muito mais, m\u00e9dicos, dentistas e empres\u00e1rios estar\u00e3o sendo homenageados no Teatro Municipal de Ilh\u00e9us por suas a\u00e7\u00f5es na melhora da sa\u00fade de sua cidade.<\/p>\n<p>A noite especial tem o objetivo de confirmar e registrar o sucesso do investimento no ano e a credibilidade de empresas e nomes perante o p\u00fablico, al\u00e9m de ser uma ocasi\u00e3o para confraterniza\u00e7\u00e3o profissional e familiar. Ser\u00e1 fornecida uma requintada festa de gala<strong> com car\u00e1ter de Oscar servido de um delicioso coquetel da Eliana Gil Buffet, <\/strong>empresa especializada h\u00e1 anos em eventos de primeira linha<strong>, show da cantora revela\u00e7\u00e3o Brena Gon\u00e7alves, <\/strong>que j\u00e1 abriu grandes nomes da m\u00fasica popular brasileira como Maria Gad\u00fa e Paula Fernandes e fez o maior sucesso no III Festival de Chocolate da Bahia, al\u00e9m de<strong> <\/strong>apresenta\u00e7\u00f5es surpresas.<\/p>\n<p>Baseada no sucesso do ano passado, o evento j\u00e1 \u00e9 esperado por todos os envolvidos e contar\u00e1 com a imprensa para registro do mesmo.<\/p>\n<p>&nbsp;<\/p>\n<p>&#8212;<\/p>\n<p>Por RS.<\/p>\n","protected":false},"excerpt":{"rendered":"<p>Acontecer\u00e1 nesta quinta-feira, dia 25 de agosto \u00e0s 19h, o grande momento da sa\u00fade de Ilh\u00e9us. Com entrega de trof\u00e9us, show musical e muito mais, m\u00e9dicos, dentistas e empres\u00e1rios estar\u00e3o sendo homenageados no Teatro Municipal de Ilh\u00e9us por suas a\u00e7\u00f5es na melhora da sa\u00fade de sua cidade. A noite especial tem o objetivo de confirmar [&hellip;]<\/p>\n","protected":false},"author":2,"featured_media":0,"comment_status":"open","ping_status":"open","sticky":false,"template":"","format":"standard","meta":{"_links_to":"","_links_to_target":""},"categories":[28],"tags":[],"_links":{"self":[{"href":"https:\/\/www.r2cpress.com.br\/v1\/wp-json\/wp\/v2\/posts\/22547"}],"collection":[{"href":"https:\/\/www.r2cpress.com.br\/v1\/wp-json\/wp\/v2\/posts"}],"about":[{"href":"https:\/\/www.r2cpress.com.br\/v1\/wp-json\/wp\/v2\/types\/post"}],"author":[{"embeddable":true,"href":"https:\/\/www.r2cpress.com.br\/v1\/wp-json\/wp\/v2\/users\/2"}],"replies":[{"embeddable":true,"href":"https:\/\/www.r2cpress.com.br\/v1\/wp-json\/wp\/v2\/comments?post=22547"}],"version-history":[{"count":3,"href":"https:\/\/www.r2cpress.com.br\/v1\/wp-json\/wp\/v2\/posts\/22547\/revisions"}],"predecessor-version":[{"id":22551,"href":"https:\/\/www.r2cpress.com.br\/v1\/wp-json\/wp\/v2\/posts\/22547\/revisions\/22551"}],"wp:attachment":[{"href":"https:\/\/www.r2cpress.com.br\/v1\/wp-json\/wp\/v2\/media?parent=22547"}],"wp:term":[{"taxonomy":"category","embeddable":true,"href":"https:\/\/www.r2cpress.com.br\/v1\/wp-json\/wp\/v2\/categories?post=22547"},{"taxonomy":"post_tag","embeddable":true,"href":"https:\/\/www.r2cpress.com.br\/v1\/wp-json\/wp\/v2\/tags?post=22547"}],"curies":[{"name":"wp","href":"https:\/\/api.w.org\/{rel}","templated":true}]}}