{"id":22611,"date":"2011-08-23T08:54:25","date_gmt":"2011-08-23T11:54:25","guid":{"rendered":"http:\/\/www.r2cpress.com.br\/v1\/?p=22611"},"modified":"2011-08-23T08:54:25","modified_gmt":"2011-08-23T11:54:25","slug":"missa-de-7%c2%ba-dia-%e2%80%93-gustavo-cesar","status":"publish","type":"post","link":"https:\/\/www.r2cpress.com.br\/v1\/2011\/08\/23\/missa-de-7%c2%ba-dia-%e2%80%93-gustavo-cesar\/","title":{"rendered":"MISSA DE 7\u00ba DIA \u2013 GUSTAVO C\u00c9SAR."},"content":{"rendered":"<p><strong>Hoje  23\/08\/2011 ,  \u00e0s 18:00 h, na Catedral de S\u00e3o Sebasti\u00e3o , ser\u00e1 celebrada missa de s\u00e9timo dia pela alma de  nosso querido  Gustavo C\u00e9sar (GUSTAV\u00c3O), quem manda celebrar s\u00e3o os funcion\u00e1rios  do Hospital Geral Luiz Viana Filho.<\/strong><\/p>\n","protected":false},"excerpt":{"rendered":"<p>Hoje 23\/08\/2011 , \u00e0s 18:00 h, na Catedral de S\u00e3o Sebasti\u00e3o , ser\u00e1 celebrada missa de s\u00e9timo dia pela alma de nosso querido Gustavo C\u00e9sar (GUSTAV\u00c3O), quem manda celebrar s\u00e3o os funcion\u00e1rios do Hospital Geral Luiz Viana Filho.<\/p>\n","protected":false},"author":2,"featured_media":0,"comment_status":"open","ping_status":"open","sticky":false,"template":"","format":"standard","meta":{"_links_to":"","_links_to_target":""},"categories":[10],"tags":[],"_links":{"self":[{"href":"https:\/\/www.r2cpress.com.br\/v1\/wp-json\/wp\/v2\/posts\/22611"}],"collection":[{"href":"https:\/\/www.r2cpress.com.br\/v1\/wp-json\/wp\/v2\/posts"}],"about":[{"href":"https:\/\/www.r2cpress.com.br\/v1\/wp-json\/wp\/v2\/types\/post"}],"author":[{"embeddable":true,"href":"https:\/\/www.r2cpress.com.br\/v1\/wp-json\/wp\/v2\/users\/2"}],"replies":[{"embeddable":true,"href":"https:\/\/www.r2cpress.com.br\/v1\/wp-json\/wp\/v2\/comments?post=22611"}],"version-history":[{"count":2,"href":"https:\/\/www.r2cpress.com.br\/v1\/wp-json\/wp\/v2\/posts\/22611\/revisions"}],"predecessor-version":[{"id":22613,"href":"https:\/\/www.r2cpress.com.br\/v1\/wp-json\/wp\/v2\/posts\/22611\/revisions\/22613"}],"wp:attachment":[{"href":"https:\/\/www.r2cpress.com.br\/v1\/wp-json\/wp\/v2\/media?parent=22611"}],"wp:term":[{"taxonomy":"category","embeddable":true,"href":"https:\/\/www.r2cpress.com.br\/v1\/wp-json\/wp\/v2\/categories?post=22611"},{"taxonomy":"post_tag","embeddable":true,"href":"https:\/\/www.r2cpress.com.br\/v1\/wp-json\/wp\/v2\/tags?post=22611"}],"curies":[{"name":"wp","href":"https:\/\/api.w.org\/{rel}","templated":true}]}}