{"id":22636,"date":"2011-08-23T10:27:39","date_gmt":"2011-08-23T13:27:39","guid":{"rendered":"http:\/\/www.r2cpress.com.br\/v1\/?p=22636"},"modified":"2011-08-23T10:27:39","modified_gmt":"2011-08-23T13:27:39","slug":"tecnologo-em-seguranca-no-trabalho-a-luta-continua","status":"publish","type":"post","link":"https:\/\/www.r2cpress.com.br\/v1\/2011\/08\/23\/tecnologo-em-seguranca-no-trabalho-a-luta-continua\/","title":{"rendered":"TECN\u00d3LOGO EM SEGURAN\u00c7A NO TRABALHO &#8211; A LUTA CONTINUA"},"content":{"rendered":"<p><strong>COLEGAS ESTUDANTES E PROFISSIONAIS TECN\u00d3LOGOS EM SEGURAN\u00c7A NO TRABALHO &#8211; A LUTA CONTINUA !<\/strong><\/p>\n<p>A\u00a0situa\u00e7\u00e3o dos <strong>TECN\u00d3LOGOS EM SEGURAN\u00c7A NO TRABALHO <\/strong>hoje com referencia\u00a0\u00e0 regulamenta\u00e7\u00e3o profissional:<\/p>\n<ul>\n<li>A Proposta 027\/2010 &#8211; CCEEST em Reuni\u00e3o Extraordin\u00e1ria da Coordenadoria de C\u00e2maras Especializadas de Engenharia de Seguran\u00e7a do Trabalho do CONFEA\/CREA\u00a0foi votada (11 X 4) a favor da altera\u00e7\u00e3o da Resolu\u00e7\u00e3o 473\/2002, incluindo os TECN\u00d3LOGOS EM SEGURAN\u00c7A DO TRABALHO na Tabela de T\u00edtulos Profissionais sob c\u00f3digo 414-01-00 (vide anexo).<\/li>\n<li>Consultei a Ouvidoria do MTE Minist\u00e9rio do Trabalho e Emprego sobre quando o TECN\u00d3LOGO dever\u00e1 ser inserido na NR-4\/SESMT, e obtive a resposta: <strong>&#8220;ESCLARECEMOS QUE N\u00c3O H\u00c1 PREVIS\u00c3O LEGAL DE CONCESS\u00c3O DE REGISTRO PROFISSIONAL A ESTES PROFISSIONAIS PELO MINIST\u00c9RIO DO TRABALHO E EMPREGO&#8221;<\/strong> (vide anexo).<\/li>\n<li>Solicitei\u00a0ent\u00e3o\u00a0\u00e0 Presidencia da Rep\u00fablica que se manifestasse\u00a0quanto a ajudar esta Classe de Profissionais, no sentido de regulamentar suas atividades para que Formandos e\u00a0Formados n\u00e3o fiquem \u00e0 margem do mercado de trabalho. Obtive ent\u00e3o a seguinte resposta (vide anexo): <strong>&#8220;EM RESPOSTA A SUA MENSAGEM, ENDERE\u00c7ADA \u00c0 PRESIDENTA DILMA ROUSSEFF, INFORMAMOS QUE O ASSUNTO FOI ENCAMINHADO AO MINIST\u00c9RIO DO TRABALHO E EMPREGO PARA AN\u00c1LISE E EVENTUAIS PROVIDENCIAS&#8221;<\/strong>, o que \u00e9 um bom sinal.<\/li>\n<\/ul>\n<p style=\"text-align: left;\">Pesquisando na Internet, verifiquei a existencia de uma <strong>Associa\u00e7\u00e3o Nacional dos Tecn\u00f3logos<\/strong>, onde est\u00e3o inseridos os respectivos Sindicatos de cada Estado, como o <strong>SINDTECNO &#8211; SINDICATO DOS TECN\u00d3LOGOS DO ESTADO DA BAHIA<\/strong>, onde pude observar que est\u00e1 na luta em prol de todos os TECN\u00d3LOGOS, inclusive de Seguran\u00e7a do Trabalho. Telefonei ao seu Presidente Sr. Roberto Solla &#8211; Tecn\u00f3logo em Mec\u00e2nica e Advogado, que dentre suas informa\u00e7\u00f5es\u00a0o CONFEA\/CREA j\u00e1 pode registrar os Profissionais TECN\u00d3LOGOS, desde que sua Faculdade esteja devidamente reconhecida pelo MEC e CREA, e que todos n\u00f3s, estudantes e\/ou profissionais devemos fortalecer a classe se filiando ao Sindicato em n\u00famero cada vez maior, para que as conquistas possam vir com maior rapidez e objetividade.<br \/>\nO site para entrar no <strong>SINDTECNO<\/strong> \u00e9 <strong><span style=\"color: #17365d;\">http\/\/<a href=\"http:\/\/tecnologoba.webnode.com.pt\/\" target=\"_blank\">tecnologoba.webnode.com.<wbr>pt<\/wbr><\/a> <\/span><\/strong>, onde diversas informa\u00e7\u00f5es de interesse est\u00e3o contidas, e seu e-mail \u00e9 <a href=\"mailto:sindtecno@yahoo.com.br\" target=\"_blank\"><strong>sindtecno@yahoo.com.br<\/strong><\/a> .<\/p>\n<p><img loading=\"lazy\" class=\"aligncenter\" src=\"http:\/\/www.r2cpress.com.br\/v1\/wp-content\/uploads\/Eduardo-Grisi-Novo-cart%C3%A3o.jpg\" alt=\"\" width=\"300\" height=\"172\" \/><\/p>\n<div style=\"text-align: left;\">\u00a0\u00a0\u00a0\u00a0\u00a0\u00a0\u00a0\u00a0\u00a0\u00a0\u00a0\u00a0\u00a0<span>\u00a0\u00a0<\/span><span style=\"font-size: xx-small;\"><span><span style=\"color: #0000ff;\"><span style=\"font-size: xx-small;\"><strong><em>T\u00e9c.Indl. EDUARDO GRISI<\/em><\/strong><br \/>\n<strong><em>\u00a0\u00a0\u00a0\u00a0\u00a0\u00a0\u00a0\u00a0\u00a0\u00a0\u00a0 <\/em><\/strong><\/span><\/span><strong><span style=\"color: #0000ff;\"><span style=\"text-decoration: underline;\"><span style=\"font-size: x-small;\">Consultoria T\u00e9cnico Industrial<\/span><\/span><\/span><\/strong><\/span><\/span><\/div>\n<div style=\"text-align: left;\"><strong><em><span style=\"color: #0000ff; font-size: xx-small;\"><span>\u00a0\u00a0\u00a0\u00a0\u00a0\u00a0\u00a0\u00a0\u00a0\u00a0\u00a0\u00a0\u00a0\u00a0\u00a0\u00a0 <span style=\"font-size: xx-small;\">Engenharia Eletromec\u00e2nica<\/span><\/span><\/span><\/em><\/strong><\/div>\n<div style=\"text-align: left;\"><strong><em><span style=\"color: #0000ff; font-size: xx-small;\">\u00a0\u00a0\u00a0\u00a0\u00a0\u00a0\u00a0\u00a0 Tecnologia em Seguran\u00e7a no Trabalho<\/span><\/em><\/strong><\/div>\n<div style=\"text-align: left;\"><span style=\"color: #0000ff;\"><strong><span style=\"font-size: xx-small;\">\u00a0\u00a0\u00a0 <img loading=\"lazy\" src=\"http:\/\/gfx2.hotmail.com\/mail\/w3\/ltr\/emoticons\/mobile.gif\" alt=\"\" width=\"19\" height=\"19\" \/>(75) 9144-2170\u00a0\u00a0\u00a0\u00a0 <\/span><\/strong><\/span><\/div>\n<div style=\"text-align: left;\"><span><span style=\"color: #0000ff;\"><strong><span style=\"font-size: xx-small;\"><img loading=\"lazy\" src=\"http:\/\/gfx2.hotmail.com\/mail\/w3\/ltr\/emoticons\/computer.gif\" alt=\"\" width=\"19\" height=\"19\" \/><\/span><\/strong><\/span><span style=\"color: #0000ff;\"><a href=\"mailto:eduardogrisi@hotmail.com\" target=\"_blank\"><span style=\"font-size: xx-small;\">eduardogrisi@hotmail.com\u00a0<\/span><\/a><\/span>\u00a0\u00a0<\/span><a href=\"mailto:eduardogrisi@ig.com.br\" target=\"_blank\"><span style=\"font-size: xx-small;\">edu<wbr>ardogrisi@ig.com.br<\/wbr><\/span><\/a><\/div>\n<div style=\"text-align: left;\"><span style=\"font-size: xx-small;\"><span>\u00a0\u00a0\u00a0\u00a0\u00a0\u00a0\u00a0\u00a0\u00a0\u00a0\u00a0\u00a0\u00a0\u00a0\u00a0\u00a0\u00a0\u00a0\u00a0\u00a0\u00a0\u00a0\u00a0\u00a0\u00a0\u00a0\u00a0<\/span><a href=\"mailto:eduardogrisi@bol.com.br\" target=\"_blank\"><span>edu<wbr>ardogrisi@bol.com.br<\/wbr><\/span><\/a><\/span><\/div>\n<div style=\"text-align: left;\"><span style=\"font-size: xx-small;\">\u00a0<span style=\"color: #0000ff;\">\u00a0\u00a0\u00a0\u00a0\u00a0\u00a0\u00a0\u00a0\u00a0\u00a0\u00a0\u00a0\u00a0\u00a0\u00a0\u00a0\u00a0\u00a0\u00a0\u00a0 <\/span><\/span><\/div>\n","protected":false},"excerpt":{"rendered":"<p>COLEGAS ESTUDANTES E PROFISSIONAIS TECN\u00d3LOGOS EM SEGURAN\u00c7A NO TRABALHO &#8211; A LUTA CONTINUA ! A\u00a0situa\u00e7\u00e3o dos TECN\u00d3LOGOS EM SEGURAN\u00c7A NO TRABALHO hoje com referencia\u00a0\u00e0 regulamenta\u00e7\u00e3o profissional: A Proposta 027\/2010 &#8211; CCEEST em Reuni\u00e3o Extraordin\u00e1ria da Coordenadoria de C\u00e2maras Especializadas de Engenharia de Seguran\u00e7a do Trabalho do CONFEA\/CREA\u00a0foi votada (11 X 4) a favor da altera\u00e7\u00e3o [&hellip;]<\/p>\n","protected":false},"author":2,"featured_media":0,"comment_status":"open","ping_status":"open","sticky":false,"template":"","format":"standard","meta":{"_links_to":"","_links_to_target":""},"categories":[10],"tags":[],"_links":{"self":[{"href":"https:\/\/www.r2cpress.com.br\/v1\/wp-json\/wp\/v2\/posts\/22636"}],"collection":[{"href":"https:\/\/www.r2cpress.com.br\/v1\/wp-json\/wp\/v2\/posts"}],"about":[{"href":"https:\/\/www.r2cpress.com.br\/v1\/wp-json\/wp\/v2\/types\/post"}],"author":[{"embeddable":true,"href":"https:\/\/www.r2cpress.com.br\/v1\/wp-json\/wp\/v2\/users\/2"}],"replies":[{"embeddable":true,"href":"https:\/\/www.r2cpress.com.br\/v1\/wp-json\/wp\/v2\/comments?post=22636"}],"version-history":[{"count":4,"href":"https:\/\/www.r2cpress.com.br\/v1\/wp-json\/wp\/v2\/posts\/22636\/revisions"}],"predecessor-version":[{"id":22640,"href":"https:\/\/www.r2cpress.com.br\/v1\/wp-json\/wp\/v2\/posts\/22636\/revisions\/22640"}],"wp:attachment":[{"href":"https:\/\/www.r2cpress.com.br\/v1\/wp-json\/wp\/v2\/media?parent=22636"}],"wp:term":[{"taxonomy":"category","embeddable":true,"href":"https:\/\/www.r2cpress.com.br\/v1\/wp-json\/wp\/v2\/categories?post=22636"},{"taxonomy":"post_tag","embeddable":true,"href":"https:\/\/www.r2cpress.com.br\/v1\/wp-json\/wp\/v2\/tags?post=22636"}],"curies":[{"name":"wp","href":"https:\/\/api.w.org\/{rel}","templated":true}]}}