{"id":22641,"date":"2011-08-23T10:38:25","date_gmt":"2011-08-23T13:38:25","guid":{"rendered":"http:\/\/www.r2cpress.com.br\/v1\/?p=22641"},"modified":"2011-08-23T10:38:25","modified_gmt":"2011-08-23T13:38:25","slug":"morre-o-jornalista-ottoni-silva","status":"publish","type":"post","link":"https:\/\/www.r2cpress.com.br\/v1\/2011\/08\/23\/morre-o-jornalista-ottoni-silva\/","title":{"rendered":"MORRE O JORNALISTA OTTONI SILVA"},"content":{"rendered":"<div>\n<div><strong>22\/ago\/2011 . 14:11<\/strong> | Autor: <a title=\"Autor\" href=\"http:\/\/www.pimenta.blog.br\/?p=82695#\">Seu Pimenta<\/a><\/div>\n<\/div>\n<p><center><a href=\"http:\/\/www.pimenta.blog.br\/wp-content\/uploads\/ottoni-silva.jpg\"><img loading=\"lazy\" class=\"aligncenter\" title=\"ottoni silva\" src=\"http:\/\/www.pimenta.blog.br\/wp-content\/uploads\/ottoni-silva.jpg\" alt=\"\" width=\"156\" height=\"214\" \/><\/a><\/center>O jornalismo baiano perdeu nesta segunda-feira, 22, um de seus principais \u00edcones com a morte de <strong>Ottoni Silva<\/strong>, de 95 anos. O jornalista faleceu h\u00e1 pouco no Hospital Calixto Midlej Filho, em Itabuna. De acordo com familiares, Ottoni estava h\u00e1 dias internado no Calixto. A fal\u00eancia m\u00faltipla dos \u00f3rg\u00e3os foi apontada como causa da morte. O sepultamento ocorrer\u00e1 amanh\u00e3.<\/p>\n<p>Ottoni nasceu em Ilh\u00e9us, mas adotou Itabuna como sua terra e aqui fez hist\u00f3ria participando da funda\u00e7\u00e3o da R\u00e1dio Clube de Itabuna (hoje Nacional) e o Di\u00e1rio de Itabuna. Jornalista desde os 15 anos de idade, foi gr\u00e1fico, rep\u00f3rter e diretor d\u00b4O Intransigente, na d\u00e9cada de 30, colaborou para v\u00e1rios ve\u00edculos.<\/p>\n<p>Dentre as \u00faltimas homenagens em vida, Ottoni deu nome \u00e0 sala de imprensa da Secretaria de Assuntos Governamentais e Comunica\u00e7\u00e3o Social da prefeitura de Itabuna, numa homenagem do tamb\u00e9m jornalista Walmir Ros\u00e1rio. E uma das ruas do bairro Pontalzinho foi batizada Ottoni Silva, h\u00e1 quatro anos.<\/p>\n","protected":false},"excerpt":{"rendered":"<p>22\/ago\/2011 . 14:11 | Autor: Seu Pimenta O jornalismo baiano perdeu nesta segunda-feira, 22, um de seus principais \u00edcones com a morte de Ottoni Silva, de 95 anos. O jornalista faleceu h\u00e1 pouco no Hospital Calixto Midlej Filho, em Itabuna. De acordo com familiares, Ottoni estava h\u00e1 dias internado no Calixto. A fal\u00eancia m\u00faltipla dos [&hellip;]<\/p>\n","protected":false},"author":2,"featured_media":0,"comment_status":"open","ping_status":"open","sticky":false,"template":"","format":"standard","meta":{"_links_to":"","_links_to_target":""},"categories":[15],"tags":[],"_links":{"self":[{"href":"https:\/\/www.r2cpress.com.br\/v1\/wp-json\/wp\/v2\/posts\/22641"}],"collection":[{"href":"https:\/\/www.r2cpress.com.br\/v1\/wp-json\/wp\/v2\/posts"}],"about":[{"href":"https:\/\/www.r2cpress.com.br\/v1\/wp-json\/wp\/v2\/types\/post"}],"author":[{"embeddable":true,"href":"https:\/\/www.r2cpress.com.br\/v1\/wp-json\/wp\/v2\/users\/2"}],"replies":[{"embeddable":true,"href":"https:\/\/www.r2cpress.com.br\/v1\/wp-json\/wp\/v2\/comments?post=22641"}],"version-history":[{"count":5,"href":"https:\/\/www.r2cpress.com.br\/v1\/wp-json\/wp\/v2\/posts\/22641\/revisions"}],"predecessor-version":[{"id":22646,"href":"https:\/\/www.r2cpress.com.br\/v1\/wp-json\/wp\/v2\/posts\/22641\/revisions\/22646"}],"wp:attachment":[{"href":"https:\/\/www.r2cpress.com.br\/v1\/wp-json\/wp\/v2\/media?parent=22641"}],"wp:term":[{"taxonomy":"category","embeddable":true,"href":"https:\/\/www.r2cpress.com.br\/v1\/wp-json\/wp\/v2\/categories?post=22641"},{"taxonomy":"post_tag","embeddable":true,"href":"https:\/\/www.r2cpress.com.br\/v1\/wp-json\/wp\/v2\/tags?post=22641"}],"curies":[{"name":"wp","href":"https:\/\/api.w.org\/{rel}","templated":true}]}}