{"id":22647,"date":"2011-08-23T11:43:52","date_gmt":"2011-08-23T14:43:52","guid":{"rendered":"http:\/\/www.r2cpress.com.br\/v1\/?p=22647"},"modified":"2011-08-23T11:43:52","modified_gmt":"2011-08-23T14:43:52","slug":"procuro-dois-tios","status":"publish","type":"post","link":"https:\/\/www.r2cpress.com.br\/v1\/2011\/08\/23\/procuro-dois-tios\/","title":{"rendered":"PROCURO DOIS TIOS"},"content":{"rendered":"<p>De: CLAUDIA REIS DA SILVA &lt;<a href=\"mailto:MORENA_FLORCLAUDIA@HOTMAIL.COM\">MORENA_FLORCLAUDIA@HOTMAIL.<wbr>COM<\/wbr><\/a>&gt;<br \/>\nAssunto: PROCURO DOIS TIOS<\/p>\n<p>Corpo da mensagem:<br \/>\nSOU DE CACHOEIRO DE ITAPEMIRIM ONTEM ESCREV\u00cd PRA VOCE PEDINDO AJUDA PARA LOCALISAR MUS TIOS .UTIMAS NOTICIASQUE EU TIVE \u00c9 QUE O TIO GERALDO MORAVA NO BAIRRO NOVA IGUA\u00c7\u00da RIO DE JANEIRO E O TIO SEBASTIA\u00f5 NA\u00f5 ME LEMBRO NO MOMENTO S\u00d3 SEI QUE A MULHER DELE SE CHAMA ENEDINA E TEM UMA FILHA CHAMADA ALESANDRA E O TIO GERALDO TEN UMA MULHER QUE O NOME \u00c9 VERA ELA TEM UMA FILHA COM NOME DE VER\u00f4NICA E UM FILHO COM O NOME DE GENILDO O NOME DOS AV\u00d3S DELES \u00c9 PEDRO DOS REIS E MARIA ROSA FASTINA DOS REIS EQUEM A PROCURA \u00c9 MARIA DA CONCEI\u00c7AO REIS DA SILVA<br \/>\n<span style=\"color: #888888;\"><br \/>\n&#8212;<br \/>\nEsta mensagem foi enviada atrav\u00e9s do formul\u00e1rio de contato do site R2CPRESS | A Letra Fria da Verdade <a href=\"..\/..\/v1\" target=\"_blank\">http:\/\/www.r2cpress.com.br\/v1<\/a><\/span><\/p>\n","protected":false},"excerpt":{"rendered":"<p>De: CLAUDIA REIS DA SILVA &lt;MORENA_FLORCLAUDIA@HOTMAIL.COM&gt; Assunto: PROCURO DOIS TIOS Corpo da mensagem: SOU DE CACHOEIRO DE ITAPEMIRIM ONTEM ESCREV\u00cd PRA VOCE PEDINDO AJUDA PARA LOCALISAR MUS TIOS .UTIMAS NOTICIASQUE EU TIVE \u00c9 QUE O TIO GERALDO MORAVA NO BAIRRO NOVA IGUA\u00c7\u00da RIO DE JANEIRO E O TIO SEBASTIA\u00f5 NA\u00f5 ME LEMBRO NO MOMENTO S\u00d3 [&hellip;]<\/p>\n","protected":false},"author":2,"featured_media":0,"comment_status":"open","ping_status":"open","sticky":false,"template":"","format":"standard","meta":{"_links_to":"","_links_to_target":""},"categories":[10],"tags":[],"_links":{"self":[{"href":"https:\/\/www.r2cpress.com.br\/v1\/wp-json\/wp\/v2\/posts\/22647"}],"collection":[{"href":"https:\/\/www.r2cpress.com.br\/v1\/wp-json\/wp\/v2\/posts"}],"about":[{"href":"https:\/\/www.r2cpress.com.br\/v1\/wp-json\/wp\/v2\/types\/post"}],"author":[{"embeddable":true,"href":"https:\/\/www.r2cpress.com.br\/v1\/wp-json\/wp\/v2\/users\/2"}],"replies":[{"embeddable":true,"href":"https:\/\/www.r2cpress.com.br\/v1\/wp-json\/wp\/v2\/comments?post=22647"}],"version-history":[{"count":3,"href":"https:\/\/www.r2cpress.com.br\/v1\/wp-json\/wp\/v2\/posts\/22647\/revisions"}],"predecessor-version":[{"id":22650,"href":"https:\/\/www.r2cpress.com.br\/v1\/wp-json\/wp\/v2\/posts\/22647\/revisions\/22650"}],"wp:attachment":[{"href":"https:\/\/www.r2cpress.com.br\/v1\/wp-json\/wp\/v2\/media?parent=22647"}],"wp:term":[{"taxonomy":"category","embeddable":true,"href":"https:\/\/www.r2cpress.com.br\/v1\/wp-json\/wp\/v2\/categories?post=22647"},{"taxonomy":"post_tag","embeddable":true,"href":"https:\/\/www.r2cpress.com.br\/v1\/wp-json\/wp\/v2\/tags?post=22647"}],"curies":[{"name":"wp","href":"https:\/\/api.w.org\/{rel}","templated":true}]}}