{"id":22663,"date":"2011-08-23T19:15:11","date_gmt":"2011-08-23T22:15:11","guid":{"rendered":"http:\/\/www.r2cpress.com.br\/v1\/?p=22663"},"modified":"2011-08-23T19:15:11","modified_gmt":"2011-08-23T22:15:11","slug":"livro-%e2%80%9c70-anos-de-radiojornalismo-no-brasil%e2%80%9d-tera-lancamento-em-ilheus-dia-29","status":"publish","type":"post","link":"https:\/\/www.r2cpress.com.br\/v1\/2011\/08\/23\/livro-%e2%80%9c70-anos-de-radiojornalismo-no-brasil%e2%80%9d-tera-lancamento-em-ilheus-dia-29\/","title":{"rendered":"Livro \u201c70 anos de radiojornalismo no Brasil\u201d ter\u00e1 lan\u00e7amento em Ilh\u00e9us, dia 29"},"content":{"rendered":"<p align=\"center\"><em><strong>R\u00e1dio, o maior meio de comunica\u00e7\u00e3o de massa do mundo.<\/strong><\/em><\/p>\n<div id=\"attachment_22664\" style=\"width: 460px\" class=\"wp-caption aligncenter\"><a href=\"http:\/\/www.r2cpress.com.br\/v1\/wp-content\/uploads\/Heron-Domingues.jpg\"><img aria-describedby=\"caption-attachment-22664\" loading=\"lazy\" class=\"size-full wp-image-22664\" title=\"Heron Domingues\" src=\"http:\/\/www.r2cpress.com.br\/v1\/wp-content\/uploads\/Heron-Domingues.jpg\" alt=\"\" width=\"450\" height=\"286\" srcset=\"https:\/\/www.r2cpress.com.br\/v1\/wp-content\/uploads\/Heron-Domingues.jpg 450w, https:\/\/www.r2cpress.com.br\/v1\/wp-content\/uploads\/Heron-Domingues-300x190.jpg 300w\" sizes=\"(max-width: 450px) 100vw, 450px\" \/><\/a><p id=\"caption-attachment-22664\" class=\"wp-caption-text\">Heron Domingues, uma voz sempre inconfund\u00edvel.<\/p><\/div>\n<p>No dia 28 de agosto completam 70 anos que o Rep\u00f3rter Esso foi ao ar e v\u00e1rias atividades est\u00e3o sendo planejadas. Uma delas \u00e9 o lan\u00e7amento nacional do livro &#8220;70 anos de Radiojornalismo no Brasil&#8221;, publicado pela Editora da Universidade Federal do Rio de Janeiro e que tem cap\u00edtulo escrito pela jornalista Eliana Albuquerque, professora do curso de Comunica\u00e7\u00e3o da Universidade Estadual de Santa Cruz (UESC) e doutoranda em Cultura e Sociedade da UFBA. O livro \u00e9 organizado pela Prof. Dra. S\u00f4nia Virg\u00ednia Moreira e conta com a participa\u00e7\u00e3o de outros 18 pesquisadores de r\u00e1dio de todo o Brasil.<\/p>\n<p>Em Ilh\u00e9us, o lan\u00e7amento do livro ser\u00e1 na segunda-feira, dia 29 de agosto, \u00e0s 17h, no audit\u00f3rio da Academia de Letras de Ilh\u00e9us, numa promo\u00e7\u00e3o do Sindicato dos Radialistas de Ilh\u00e9us (STERT-I) e da R\u00e1dio UESC.<\/p>\n<p><strong>Hist\u00f3ria<\/strong><\/p>\n<p><!--more--><\/p>\n<p>A primeira transmiss\u00e3o do Rep\u00f3rter Esso no Brasil ocorreu na R\u00e1dio Nacional, em 28 de agosto de 1941. O programa noticioso mudou o r\u00e1dio brasileiro e imprimiu nova linguagem e din\u00e2mica ao radiojornalismo, passando a ser um marco na comunica\u00e7\u00e3o nacional.\u00a0 Sua credibilidade era tanta que as pessoas s\u00f3 acreditavam nos fatos depois que o Rep\u00f3rter Esso os veiculava. Exemplo disso se reflete na frase emblem\u00e1tica publicada por um determinado jornal da \u00e9poca: \u201cA <a href=\"http:\/\/www.infoescola.com\/historia\/segunda-guerra-mundial\/\">Segunda Guerra<\/a> acabou depois que o Rep\u00f3rter Esso\u00a0noticiou\u201d. O programa era mantido pela Esso Brasileira de Petr\u00f3leo e seu objetivo central era a transmitir as not\u00edcias mundiais. Mas tamb\u00e9m procurava despertar o p\u00fablico para quest\u00f5es nacionais, como a postura de Get\u00falio Vargas no per\u00edodo da guerra, quando se mostrava indeciso entre o nazifascismo e os norte-americanos.<\/p>\n<p>O Rep\u00f3rter Esso era redigido na Cinel\u00e2ndia e levado e bicicleta at\u00e9 a sede da R\u00e1dio <a href=\"http:\/\/www.infoescola.com\/comunicacao\/reporter-esso\/\">Nacional<\/a>, situada na Pra\u00e7a Mau\u00e1, cidade do Rio de Janeiro, para ser apresentado por Heron Domingues. No intuito de noticiar o fim da guerra em primeira m\u00e3o, Heron Domingues chegou a morar literalmente na r\u00e1dio. Havia um disco com sua voz que dizia \u201cA guerra acabou!\u201d a ser usado caso o locutor estivesse ausente na hora em que isso ocorresse. Tanto que a R\u00e1dio Tupi foi a primeira a dar a <a href=\"http:\/\/www.infoescola.com\/comunicacao\/reporter-esso\/\">not\u00edcia<\/a>, mas ningu\u00e9m acreditou. Isso s\u00f3 aconteceu quando o Rep\u00f3rter Esso entrou no ar.<\/p>\n<p>O Rep\u00f3rter Esso acabou em 31 de novembro de 1969, num programa de despedida que comoveu os ouvintes, depois de 28 anos de transmiss\u00f5es que marcaram a hist\u00f3ria do r\u00e1dio brasileiro.<\/p>\n<p>O livro \u201c70 anos de Radiojornalismo no Brasil\u201d procura resgatar essas hist\u00f3rias e refletir sobre o radiojornalismo nos dias atuais, quando o avan\u00e7o tecnol\u00f3gico tr\u00e1s novas possibilidades para veterano r\u00e1dio.<\/p>\n<p>&nbsp;<\/p>\n<p><strong>Credibilidade e forma\u00e7\u00e3o <\/strong><\/p>\n<p>Autora de um dos cap\u00edtulos do livro, a jornalista Eliana Albuquerque, professora do Curso de Comunica\u00e7\u00e3o da Universidade Estadual de Santa Cruz e doutoranda em Cultura e Sociedade pela Universidade Federal da Bahia, alerta para a necessidade de melhorar a qualidade das informa\u00e7\u00f5es transmitidas pelo r\u00e1dio que, em sua opini\u00e3o, continua sendo o mais \u00e1gil e popular dos meios de comunica\u00e7\u00e3o de massa existentes. Segundo ela, \u201co jornalismo radiof\u00f4nico precisa manter a credibilidade adquirida pelo Rep\u00f3rter Esso e, para isso, os profissionais da not\u00edcia devem se qualificar cada vez mais\u201d.<\/p>\n<p>A professora, que tem como objeto de sua tese de doutorado o r\u00e1dio regional, h\u00e1 pouco tempo coordenou o curso de capacita\u00e7\u00e3o para radialistas promovidos pela UESC em parceria com o STERT-Ilh\u00e9us. Ela considera que o Sindicato dos Radialistas em Ilh\u00e9us est\u00e1 no caminho certo quando se preocupa com a qualifica\u00e7\u00e3o de seus associados e diz que \u201cIlh\u00e9us desponta hoje como local onde h\u00e1 um dos quadros de radialistas mais capacitados do estado da Bahia tanto pela a\u00e7\u00e3o do Sindicato, quanto pela atua\u00e7\u00e3o de excel\u00eancia da UESC nessa \u00e1rea. O curso de R\u00e1dio e televis\u00e3o da UESC, que obteve nota m\u00e1xima no Exame Nacional de Cursos do Minist\u00e9rio da Educa\u00e7\u00e3o (ENADE), \u00e9, inquestionavelmente, um dos melhores do Brasil e isso tamb\u00e9m faz grande diferen\u00e7a no panorama do r\u00e1dio atual\u201d, conclui.<\/p>\n<p>&nbsp;<\/p>\n","protected":false},"excerpt":{"rendered":"<p>R\u00e1dio, o maior meio de comunica\u00e7\u00e3o de massa do mundo. No dia 28 de agosto completam 70 anos que o Rep\u00f3rter Esso foi ao ar e v\u00e1rias atividades est\u00e3o sendo planejadas. Uma delas \u00e9 o lan\u00e7amento nacional do livro &#8220;70 anos de Radiojornalismo no Brasil&#8221;, publicado pela Editora da Universidade Federal do Rio de Janeiro [&hellip;]<\/p>\n","protected":false},"author":2,"featured_media":0,"comment_status":"open","ping_status":"open","sticky":false,"template":"","format":"standard","meta":{"_links_to":"","_links_to_target":""},"categories":[5],"tags":[],"_links":{"self":[{"href":"https:\/\/www.r2cpress.com.br\/v1\/wp-json\/wp\/v2\/posts\/22663"}],"collection":[{"href":"https:\/\/www.r2cpress.com.br\/v1\/wp-json\/wp\/v2\/posts"}],"about":[{"href":"https:\/\/www.r2cpress.com.br\/v1\/wp-json\/wp\/v2\/types\/post"}],"author":[{"embeddable":true,"href":"https:\/\/www.r2cpress.com.br\/v1\/wp-json\/wp\/v2\/users\/2"}],"replies":[{"embeddable":true,"href":"https:\/\/www.r2cpress.com.br\/v1\/wp-json\/wp\/v2\/comments?post=22663"}],"version-history":[{"count":3,"href":"https:\/\/www.r2cpress.com.br\/v1\/wp-json\/wp\/v2\/posts\/22663\/revisions"}],"predecessor-version":[{"id":22667,"href":"https:\/\/www.r2cpress.com.br\/v1\/wp-json\/wp\/v2\/posts\/22663\/revisions\/22667"}],"wp:attachment":[{"href":"https:\/\/www.r2cpress.com.br\/v1\/wp-json\/wp\/v2\/media?parent=22663"}],"wp:term":[{"taxonomy":"category","embeddable":true,"href":"https:\/\/www.r2cpress.com.br\/v1\/wp-json\/wp\/v2\/categories?post=22663"},{"taxonomy":"post_tag","embeddable":true,"href":"https:\/\/www.r2cpress.com.br\/v1\/wp-json\/wp\/v2\/tags?post=22663"}],"curies":[{"name":"wp","href":"https:\/\/api.w.org\/{rel}","templated":true}]}}