{"id":22730,"date":"2011-08-24T14:00:22","date_gmt":"2011-08-24T17:00:22","guid":{"rendered":"http:\/\/www.r2cpress.com.br\/v1\/?p=22730"},"modified":"2011-08-24T14:00:22","modified_gmt":"2011-08-24T17:00:22","slug":"acao-de-deputada-mantem-atendimentos-pelo-planserv-na-santa-casa-de-ilheus","status":"publish","type":"post","link":"https:\/\/www.r2cpress.com.br\/v1\/2011\/08\/24\/acao-de-deputada-mantem-atendimentos-pelo-planserv-na-santa-casa-de-ilheus\/","title":{"rendered":"A\u00e7\u00e3o de deputada mant\u00e9m atendimentos pelo Planserv  na Santa Casa de Ilh\u00e9us"},"content":{"rendered":"<p>A Santa Casa de Miseric\u00f3rdia de Ilh\u00e9us conseguiu mais um prazo para apresentar documentos necess\u00e1rios \u00e0 continuidade do conv\u00eanio com o Planserv (Plano de Sa\u00fade dos Servidores do Estado da Bahia). A extens\u00e3o do prazo foi autorizada ap\u00f3s uma audi\u00eancia que contou com a intermedia\u00e7\u00e3o da deputada estadual \u00c2ngela Sousa, entre o provedor da Santa Casa, Eus\u00ednio Lavigne Gesteira, o procurador-geral do Estado, Rui Moraes, e a coordenadora-geral do plano de sa\u00fade, S\u00f4nia Magn\u00f3lia.<\/p>\n<p>Gesteira afirmou que a possibilidade de suspens\u00e3o dos atendimentos, que poderia ocorrer por quest\u00f5es burocr\u00e1ticas, traria \u201cpreju\u00edzos \u00e0 popula\u00e7\u00e3o de Ilh\u00e9us e cidades circunvizinhas\u201d, produzindo tamb\u00e9m reflexos negativos com a perda de receita pela Santa Casa. A institui\u00e7\u00e3o de sa\u00fade, que mant\u00e9m o Hospital S\u00e3o Jos\u00e9, a Maternidade Santa Helena e um banco de sangue, tem enfrentado graves dificuldades financeiras.<\/p>\n<p>O provedor agradeceu \u00e0 deputada pela intermedia\u00e7\u00e3o e informou que a Santa Casa vai agilizar a solu\u00e7\u00e3o das pend\u00eancias para regularizar a habilita\u00e7\u00e3o junto ao Planserv. \u201cN\u00f3s n\u00e3o poder\u00edamos permitir a suspens\u00e3o do conv\u00eanio por conta de raz\u00f5es meramente burocr\u00e1ticas e por isso fizemos de tudo para ajudar a Santa Casa a ter mais um tempo para atender \u00e0s exig\u00eancias do Governo da Bahia\u201d, declarou \u00c2ngela.<\/p>\n<p>&#8212;<br \/>\nAI\/DEP.<\/p>\n","protected":false},"excerpt":{"rendered":"<p>A Santa Casa de Miseric\u00f3rdia de Ilh\u00e9us conseguiu mais um prazo para apresentar documentos necess\u00e1rios \u00e0 continuidade do conv\u00eanio com o Planserv (Plano de Sa\u00fade dos Servidores do Estado da Bahia). A extens\u00e3o do prazo foi autorizada ap\u00f3s uma audi\u00eancia que contou com a intermedia\u00e7\u00e3o da deputada estadual \u00c2ngela Sousa, entre o provedor da Santa [&hellip;]<\/p>\n","protected":false},"author":2,"featured_media":0,"comment_status":"open","ping_status":"open","sticky":false,"template":"","format":"standard","meta":{"_links_to":"","_links_to_target":""},"categories":[22],"tags":[],"_links":{"self":[{"href":"https:\/\/www.r2cpress.com.br\/v1\/wp-json\/wp\/v2\/posts\/22730"}],"collection":[{"href":"https:\/\/www.r2cpress.com.br\/v1\/wp-json\/wp\/v2\/posts"}],"about":[{"href":"https:\/\/www.r2cpress.com.br\/v1\/wp-json\/wp\/v2\/types\/post"}],"author":[{"embeddable":true,"href":"https:\/\/www.r2cpress.com.br\/v1\/wp-json\/wp\/v2\/users\/2"}],"replies":[{"embeddable":true,"href":"https:\/\/www.r2cpress.com.br\/v1\/wp-json\/wp\/v2\/comments?post=22730"}],"version-history":[{"count":2,"href":"https:\/\/www.r2cpress.com.br\/v1\/wp-json\/wp\/v2\/posts\/22730\/revisions"}],"predecessor-version":[{"id":22732,"href":"https:\/\/www.r2cpress.com.br\/v1\/wp-json\/wp\/v2\/posts\/22730\/revisions\/22732"}],"wp:attachment":[{"href":"https:\/\/www.r2cpress.com.br\/v1\/wp-json\/wp\/v2\/media?parent=22730"}],"wp:term":[{"taxonomy":"category","embeddable":true,"href":"https:\/\/www.r2cpress.com.br\/v1\/wp-json\/wp\/v2\/categories?post=22730"},{"taxonomy":"post_tag","embeddable":true,"href":"https:\/\/www.r2cpress.com.br\/v1\/wp-json\/wp\/v2\/tags?post=22730"}],"curies":[{"name":"wp","href":"https:\/\/api.w.org\/{rel}","templated":true}]}}