{"id":22742,"date":"2011-08-24T18:12:17","date_gmt":"2011-08-24T21:12:17","guid":{"rendered":"http:\/\/www.r2cpress.com.br\/v1\/?p=22742"},"modified":"2011-08-24T18:12:17","modified_gmt":"2011-08-24T21:12:17","slug":"prefeitura-municipal-de-ilheus-197","status":"publish","type":"post","link":"https:\/\/www.r2cpress.com.br\/v1\/2011\/08\/24\/prefeitura-municipal-de-ilheus-197\/","title":{"rendered":"Prefeitura Municipal de Ilh\u00e9us"},"content":{"rendered":"<p><div id=\"attachment_22743\" style=\"width: 310px\" class=\"wp-caption aligncenter\"><a href=\"http:\/\/www.r2cpress.com.br\/v1\/wp-content\/uploads\/PMI-24-08-2011.jpg\"><img aria-describedby=\"caption-attachment-22743\" loading=\"lazy\" src=\"http:\/\/www.r2cpress.com.br\/v1\/wp-content\/uploads\/PMI-24-08-2011-300x115.jpg\" alt=\"\" title=\"PMI 24 08 2011\" width=\"300\" height=\"115\" class=\"size-medium wp-image-22743\" srcset=\"https:\/\/www.r2cpress.com.br\/v1\/wp-content\/uploads\/PMI-24-08-2011-300x115.jpg 300w, https:\/\/www.r2cpress.com.br\/v1\/wp-content\/uploads\/PMI-24-08-2011.jpg 700w\" sizes=\"(max-width: 300px) 100vw, 300px\" \/><\/a><p id=\"caption-attachment-22743\" class=\"wp-caption-text\">A\u00c7\u00d5ES DA PREFEITURA DE ILH\u00c9US<\/p><\/div><br \/>\nCentro de Ilh\u00e9us ser\u00e1 beneficiado por um programa de revitaliza\u00e7\u00e3o urbana<br \/>\nLan\u00e7ado em Ilh\u00e9us o projeto \u201cL\u00e1pis na m\u00e3o\u201d<br \/>\nSecret\u00e1ria da Educa\u00e7\u00e3o muda para a avenida Soares Lopes<br \/>\nBalne\u00e1rio Tororomba  passa por reforma<br \/>\nConvoca\u00e7\u00e3o \/ Assembl\u00e9ia<\/p>\n<p><!--more--><\/p>\n<p>***<\/p>\n<p><strong>Centro de Ilh\u00e9us ser\u00e1 beneficiado por um programa de revitaliza\u00e7\u00e3o urbana<\/strong><\/p>\n<p>O grupo de trabalho escolhido pelo prefeito Newton Lima para gerir o Programa de Revitaliza\u00e7\u00e3o do Centro de Ilh\u00e9us concluiu esta semana o planejamento executivo da I e da II etapas do futuro conjunto de interven\u00e7\u00f5es. O programa, que ser\u00e1 utilizado para preparar a cidade para o pr\u00f3ximo ver\u00e3o, bem como para marcar o centen\u00e1rio de nascimento do escritor Jorge Amado, ser\u00e1 apresentado ao chefe do Executivo municipal \u00e0s 10 horas desta quinta-feira (25), no Pal\u00e1cio Paranagu\u00e1. <\/p>\n<p>A primeira etapa do programa, que dever\u00e1 ser conclu\u00edda antes do in\u00edcio da pr\u00f3xima temporada de ver\u00e3o, abrange a execu\u00e7\u00e3o de v\u00e1rios projetos. Com a proposta de se tornar permanente, passando a ser realizado uma vez por m\u00eas, o primeiro deles prop\u00f5e uma limpeza geral no centro da cidade. De acordo com o cronograma definido, a \u00e1rea central de Ilh\u00e9us tamb\u00e9m ser\u00e1 beneficiada por uma grande Opera\u00e7\u00e3o Tapa-Buracos nas ruas, pra\u00e7as e cal\u00e7ad\u00f5es, bem como com a substitui\u00e7\u00e3o do mobili\u00e1rio urbano, incluindo bancos, lixeiras e vasos de plantas.<\/p>\n<p>O conjunto de a\u00e7\u00f5es abrange ainda a cria\u00e7\u00e3o de um estacionamento para 1.200 ve\u00edculos na avenida Soares Lopes, nas proximidades da Catedral de S\u00e3o Sebasti\u00e3o, o isolamento de todas as transversais dos cal\u00e7ad\u00f5es do centro visando \u00e0 implanta\u00e7\u00e3o de estacionamentos para motos e bicicletas, a reurbaniza\u00e7\u00e3o da pra\u00e7a do Cristo e a execu\u00e7\u00e3o de um pacote de melhorias f\u00edsicas na avenida Dois de Julho.<\/p>\n<p>Polui\u00e7\u00e3o &#8211; Segundo informa\u00e7\u00f5es do governo municipal, nos pr\u00f3ximos dias, ainda no bojo do Programa de Revitaliza\u00e7\u00e3o do Centro de Ilh\u00e9us, o prefeito Newton Lima estar\u00e1 assinando um decreto que vai regulamentar a atual legisla\u00e7\u00e3o ambiental voltada para a quest\u00e3o da polui\u00e7\u00e3o visual e sonora. A Prefeitura trabalha com o conceito de \u2018valoriza\u00e7\u00e3o da paisagem arquitet\u00f4nica\u2019 da cidade para proibir outdoors, faixas, carros de som e letreiros comerciais de dimens\u00f5es exageradas e sem qualquer padroniza\u00e7\u00e3o. A primeira etapa do trabalho ser\u00e1 conclu\u00edda com a montagem de uma grande programa\u00e7\u00e3o voltada para o ver\u00e3o ilheense 2011\/2012.<\/p>\n<p>J\u00e1 a segunda etapa do Programa de Revitaliza\u00e7\u00e3o do Centro de Ilh\u00e9us, que dever\u00e1 ser iniciada em mar\u00e7o e conclu\u00edda em junho de 2012, ser\u00e1 composta prioritariamente por inverven\u00e7\u00f5es f\u00edsicas. Em uma delas, a rede el\u00e9trica a\u00e9rea ser\u00e1 transformada em rede el\u00e9trica subterr\u00e2nea. Numa outra a\u00e7\u00e3o, haver\u00e1 a substitui\u00e7\u00e3o do piso dos passeios e cal\u00e7ad\u00f5es do centro da cidade, que passar\u00e3o a obedecer a um      modelo padr\u00e3o e a valorizar ainda mais as quest\u00f5es ligadas \u00e0 mobilidade urbana. <\/p>\n<p>Por fim, com a proposta de refor\u00e7ar o processo de humaniza\u00e7\u00e3o da \u00e1rea central, incluindo pra\u00e7a de alimenta\u00e7\u00e3o, jardins e utiliza\u00e7\u00e3o de obras de arte, o governo promover\u00e1 a instala\u00e7\u00e3o definitiva de um novo mobili\u00e1rio urbano. Parte dos recursos necess\u00e1rios para as interven\u00e7\u00f5es, que tamb\u00e9m integram a retomada do Projeto Shopping a C\u00e9u Aberto e a pr\u00f3pria valoriza\u00e7\u00e3o do Quarteir\u00e3o Jorge Amado, vir\u00e1 do governo federal, atrav\u00e9s do Minist\u00e9rio do Turismo, com contrapartida do munic\u00edpio.<\/p>\n<p><strong>Lan\u00e7ado em Ilh\u00e9us o projeto \u201cL\u00e1pis na m\u00e3o\u201d <\/strong><\/p>\n<p>O concurso de reda\u00e7\u00e3o e desenho \u201cL\u00e1pis na m\u00e3o\u201d, promovido pela TV Santa Cruz, em parceria com o Programa Nacional de Incentivo \u00e0 Leitura (Proler), e com a Universidade Estadual de Santa Cruz (Uesc) foi lan\u00e7ado em Ilh\u00e9us. A a\u00e7\u00e3o foi dirigida a diretores escolares e coordenadores pedag\u00f3gicos que ser\u00e3o respons\u00e1veis em repassar o kit do material aos professores para idealizar a tarefa nas salas de aula. O tema central do projeto \u00e9 \u201cLeitura em minha vida e minha vida sem leitura\u201d. A abertura foi na tarde desta ter\u00e7a-feira (22), no audit\u00f3rio da Justi\u00e7a Federal, centro.<\/p>\n<p>A secret\u00e1ria de Educa\u00e7\u00e3o, Lidiney Campos, ressaltou que o projeto visa incentivar o aluno ao h\u00e1bito da leitura.  Ela declarou que o objetivo do concurso \u00e9 incentivar a utiliza\u00e7\u00e3o da escrita e do desenho como forma de comunica\u00e7\u00e3o com o estudante e ao mesmo tempo valorizar o professor que forma o cidad\u00e3o no dia-a-dia. Ao fazer um breve relato do trabalho da leitura j\u00e1 desenvolvido nas escolas da rede municipal, Lidiney Campos disse que embora a TV Santa Cruz j\u00e1 conte com premia\u00e7\u00e3o para este projeto, ela ir\u00e1 envidar esfor\u00e7os no sentido de oferecer ainda brindes aos professores como forma de incentivo \u00e0 a\u00e7\u00e3o di\u00e1ria junto aos estudantes. <\/p>\n<p>Lacivane Barreto, supervisora do Departamento de Marketing da TV Santa Cruz, contou que o concurso contempla alunos do ensino m\u00e9dio e fundamental das redes p\u00fablica e privada. Disse que o certame premia os tr\u00eas primeiros colocados nas categorias de desenho e reda\u00e7\u00e3o com notebook, TV LCD, smartphone, impressora, mochila e certificado de participa\u00e7\u00e3o. A premia\u00e7\u00e3o se estende ainda ao col\u00e9gio que receber\u00e1 trof\u00e9u como escola-cidad\u00e3 e o professor-educador. Projeto semelhante foi implantado ano passado no centen\u00e1rio Itabuna.  <\/p>\n<p>A primeira etapa do projeto ser\u00e1 de 1\u00ba a 30 de setembro, nas salas de aula e posteriormente os trabalhos ser\u00e3o enviados aos departamentos de Letras e Artes da Uesc para a an\u00e1lise preliminar. E no dia 12 de outubro os selecionados ser\u00e3o convocados para fazer nova reda\u00e7\u00e3o e desenho atrav\u00e9s de tema-surpresa. O intuito \u00e9 comprovar se o aluno contou ou n\u00e3o com alguma ajuda externa. J\u00e1 no dia 25 do mesmo m\u00eas a TV Santa Cruz far\u00e1 a divulga\u00e7\u00e3o dos vencedores em seus telejornais. <\/p>\n<p><strong>Secret\u00e1ria da Educa\u00e7\u00e3o muda para a avenida Soares Lopes<\/strong><\/p>\n<p>Em cerim\u00f4nia simples e com a presen\u00e7a do prefeito de Ilh\u00e9us, Newton Lima, do secret\u00e1rio de Governo e A\u00e7\u00f5es Estrat\u00e9gicas, Magno Lavigne, dirigentes e professores da Rede Municipal, a secret\u00e1ria Lidiney Campos presidiu a solenidade de inaugura\u00e7\u00e3o das novas instala\u00e7\u00f5es da Secretaria Municipal da Educa\u00e7\u00e3o. Durante a solenidade, o Padre Ednilson realizou a ben\u00e7\u00e3o das instala\u00e7\u00f5es e frisou que a educa\u00e7\u00e3o \u00e9 uma atividade das mais nobres, da\u00ed a import\u00e2ncia da ben\u00e7\u00e3o de Deus nesta iniciativa.<\/p>\n<p>A secret\u00e1ria Municipal da Educa\u00e7\u00e3o, Lidiney Campos, ressaltou a o apoio que o prefeito Newton Lima tem dispensado \u00e0 Educa\u00e7\u00e3o, incentivando o desenvolvimento de programas, buscando proporcionar melhorias na qualidade do ensino p\u00fablico. \u201cTemos consci\u00eancia que estamos prestando uma educa\u00e7\u00e3o com qualidade, tanto na sede quanto na \u00e1rea rural\u201d, afirmou.<\/p>\n<p>Segundo o prefeito Newton Lima, al\u00e9m das atividades pedag\u00f3gicas realizadas diretamente na sala de aula, a Educa\u00e7\u00e3o tamb\u00e9m necessita de um amplo planejamento e a\u00e7\u00f5es administrativas para fechar o c\u00edrculo com perfei\u00e7\u00e3o. \u201cSabemos da import\u00e2ncia da educa\u00e7\u00e3o na vida das pessoas e estamos fazendo o poss\u00edvel para levar um servi\u00e7o de qualidade para os ilheenses\u201d, disse.<\/p>\n<p>A mudan\u00e7a, segundo a secret\u00e1ria Lidiney Campos, obedeceu crit\u00e9rios t\u00e9cnicos, haja vista que as instala\u00e7\u00f5es anteriores, na avenida Itabuna, na antiga garagem da \u00c1guia Branca, n\u00e3o possu\u00eda arquitetura adequada para o funcionamento. A nova sede est\u00e1 implantada num pr\u00e9dio de 360 metros quadrados e est\u00e1 localizada na avenida Soares Lopes, 840, centro, e vai facilitar o atendimento \u00e0 popula\u00e7\u00e3o, bem como dos servidores da secret\u00e1ria.  <\/p>\n<p><strong>Balne\u00e1rio Tororomba  passa por reforma<\/strong><\/p>\n<p>A Secretaria de Infraestrutura da Prefeitura de Ilh\u00e9us inicia uma s\u00e9rie de reformas no Balne\u00e1rio Tororomba, localizado na Est\u00e2ncia Hidromineral de Oliven\u00e7a. A interven\u00e7\u00e3o tem como finalidade preparar esse importante equipamento tur\u00edstico para a alta esta\u00e7\u00e3o, \u00e9poca em que aumenta o n\u00famero de visitantes.<\/p>\n<p>Explica o administrador de Oliven\u00e7a, Ivan G\u00f3es Souza, que em fun\u00e7\u00e3o dos trabalhos que ser\u00e3o realizados os dias de funcionamento do balne\u00e1rio sofrer\u00e3o modifica\u00e7\u00f5es, at\u00e9 que as obras sejam conclu\u00eddas. Com isso, ficou estabelecido que o balne\u00e1rio ficar\u00e1 em atividade apenas aos s\u00e1bados e domingos, at\u00e9 o dia 31 de setembro deste ano, quando data prevista para a entrega das obras.<\/p>\n<p>Segundo Ivan G\u00f3es, a maioria das obras ser\u00e1 concentrada nos banheiros do balne\u00e1rio, com troca de azulejos, al\u00e9m de manuten\u00e7\u00e3o nas redes el\u00e9trica e hidr\u00e1ulica, pequenos servi\u00e7os de acabamento do pr\u00e9dio, a exemplo de reboco e pintura. Outras obras tamb\u00e9m ser\u00e3o realizadas at\u00e9 o final de setembro, conforme cronograma da Secretaria da Infraestrutura.<\/p>\n<p>A recupera\u00e7\u00e3o do Balne\u00e1rio Tororomba atende a uma reivindica\u00e7\u00e3o do vereador Alcides Kruschewsky ao prefeito Newton Lima, que determinou o atendimento do pedido. \u201cNosso objetivo \u00e9 deixar Oliven\u00e7a pronta para receber os turistas durante a alta esta\u00e7\u00e3o. O prefeito tamb\u00e9m nos garantiu que outros equipamentos receber\u00e3o a mesma aten\u00e7\u00e3o, no sentido de beneficiar tanto a comunidade quanto os visitantes\u201d, ressaltou. <\/p>\n<p><strong> Convoca\u00e7\u00e3o \/ Assembl\u00e9ia <\/strong><\/p>\n<p>A Associa\u00e7\u00e3o de Moradores do Bairro Hernani Lopes de S\u00e1 convoca todos os associados e moradores do bairro para participar da Assembl\u00e9ia geral, a ser realizada na pr\u00f3xima sexta-feira (26), \u00e0s 19h30min, no Centro de Aten\u00e7\u00e3o Integral \u00e0 Crian\u00e7a (CAIC). A reuni\u00e3o tem como pauta a apresenta\u00e7\u00e3o da nova reforma estatut\u00e1ria da Associa\u00e7\u00e3o, que entre outros itens, prev\u00ea que a partir da pr\u00f3xima elei\u00e7\u00e3o, prevista para o fim deste ano, todos os interessados em participar do pleito devem ser associados \u00e0 entidade e estar em dia com suas contribui\u00e7\u00f5es.<\/p>\n<p>Segundo explicou um dos diretores da Associa\u00e7\u00e3o de Moradores, J\u00falio Ros\u00e1rio, os que j\u00e1 s\u00e3o associados e que est\u00e3o em situa\u00e7\u00e3o irregular junto \u00e0 entidade devem buscar a regulariza\u00e7\u00e3o at\u00e9 o dia 30 de outubro e ter o direito do voto. \u201cO estatuto encontrava-se defasado e essas e outras mudan\u00e7as ser\u00e3o discutidas com a participa\u00e7\u00e3o de toda a comunidade\u201d. A Assembl\u00e9ia geral tamb\u00e9m \u00e9 voltada para os moradores da Faelba, Santo Ant\u00f4nio de P\u00e1dua, Loteamento S\u00e3o Caetano e Alto do Mambape (antigo Alto das Oliveiras), que ap\u00f3s a nova reordenamento geogr\u00e1fico proposto pelo IBGEpassaram a integrar o bairro Hernani S\u00e1.  <\/p>\n<p>Fundada em 1986, a Associa\u00e7\u00e3o de Moradores do Bairro Hernani Lopes de S\u00e1 tem 272 associados, entre moradores e empres\u00e1rios e sua sede est\u00e1 localizada na Pra\u00e7a Nourival Cardoso, s\/n. A entidade \u00e9 presidida atualmente Odailson Lelis.<\/p>\n","protected":false},"excerpt":{"rendered":"<p>Centro de Ilh\u00e9us ser\u00e1 beneficiado por um programa de revitaliza\u00e7\u00e3o urbana Lan\u00e7ado em Ilh\u00e9us o projeto \u201cL\u00e1pis na m\u00e3o\u201d Secret\u00e1ria da Educa\u00e7\u00e3o muda para a avenida Soares Lopes Balne\u00e1rio Tororomba passa por reforma Convoca\u00e7\u00e3o \/ Assembl\u00e9ia<\/p>\n","protected":false},"author":2,"featured_media":0,"comment_status":"open","ping_status":"open","sticky":false,"template":"","format":"standard","meta":{"_links_to":"","_links_to_target":""},"categories":[23],"tags":[],"_links":{"self":[{"href":"https:\/\/www.r2cpress.com.br\/v1\/wp-json\/wp\/v2\/posts\/22742"}],"collection":[{"href":"https:\/\/www.r2cpress.com.br\/v1\/wp-json\/wp\/v2\/posts"}],"about":[{"href":"https:\/\/www.r2cpress.com.br\/v1\/wp-json\/wp\/v2\/types\/post"}],"author":[{"embeddable":true,"href":"https:\/\/www.r2cpress.com.br\/v1\/wp-json\/wp\/v2\/users\/2"}],"replies":[{"embeddable":true,"href":"https:\/\/www.r2cpress.com.br\/v1\/wp-json\/wp\/v2\/comments?post=22742"}],"version-history":[{"count":2,"href":"https:\/\/www.r2cpress.com.br\/v1\/wp-json\/wp\/v2\/posts\/22742\/revisions"}],"predecessor-version":[{"id":22745,"href":"https:\/\/www.r2cpress.com.br\/v1\/wp-json\/wp\/v2\/posts\/22742\/revisions\/22745"}],"wp:attachment":[{"href":"https:\/\/www.r2cpress.com.br\/v1\/wp-json\/wp\/v2\/media?parent=22742"}],"wp:term":[{"taxonomy":"category","embeddable":true,"href":"https:\/\/www.r2cpress.com.br\/v1\/wp-json\/wp\/v2\/categories?post=22742"},{"taxonomy":"post_tag","embeddable":true,"href":"https:\/\/www.r2cpress.com.br\/v1\/wp-json\/wp\/v2\/tags?post=22742"}],"curies":[{"name":"wp","href":"https:\/\/api.w.org\/{rel}","templated":true}]}}