{"id":22841,"date":"2011-08-25T13:18:24","date_gmt":"2011-08-25T16:18:24","guid":{"rendered":"http:\/\/www.r2cpress.com.br\/v1\/?p=22841"},"modified":"2011-08-25T13:18:24","modified_gmt":"2011-08-25T16:18:24","slug":"sindicato-dos-peritos-se-posiciona-contra-mudancas-no-planserv","status":"publish","type":"post","link":"https:\/\/www.r2cpress.com.br\/v1\/2011\/08\/25\/sindicato-dos-peritos-se-posiciona-contra-mudancas-no-planserv\/","title":{"rendered":"Sindicato dos Peritos se posiciona contra mudan\u00e7as no PLANSERV"},"content":{"rendered":"<p>\u00c9 lament\u00e1vel a forma utilizada pelo governo da Bahia para reajustar o plano de sa\u00fade dos servidores e implementar mudan\u00e7as, como tamb\u00e9m \u00e9 inaceit\u00e1vel a rapidez com que o Projeto de Lei tramita na Assembl\u00e9ia Legislativa sem consulta e discuss\u00e3o com \u00e0s diversas entidades de classe.<\/p>\n<p>O Projeto de Lei deixa clara a inten\u00e7\u00e3o do Governo para o futuro do PLANSER: primeiro, provocar grande migra\u00e7\u00e3o dos servidores de melhor patamar salarial para planos de sa\u00fade particulares, a seguir, decretar a fal\u00eancia do Plano de Previd\u00eancia, devido \u00e0 sa\u00edda daqueles que contribuem com maiores valores. Assim, os servidores de baixa renda que, por falta de alternativa permanecer no Plano, v\u00e3o ter que procurar a assist\u00eancia do Sistema \u00danico de Sa\u00fade (SUS).<\/p>\n<p>Entendemos que um plano de sa\u00fade, para sobreviver, necessite estabelecer limites e impor regras para evitar abusos dos usu\u00e1rios, mas limitar atendimento de emerg\u00eancia \u00e9 injustific\u00e1vel, uma vez que ningu\u00e9m adoece por vontade pr\u00f3pria. A falta de controle nos atendimentos aos usu\u00e1rios \u00e9 um problema de gest\u00e3o. Penalizar todo o funcionalismo p\u00fablico pelo mau uso de uma minoria \u00e9, no m\u00ednimo, injusto.<\/p>\n<p>&#8212;<br \/>\nASBAC Sindicato &#8211; Sindicato dos Peritos Criminal\u00edsticos da Bahia<\/p>\n","protected":false},"excerpt":{"rendered":"<p>\u00c9 lament\u00e1vel a forma utilizada pelo governo da Bahia para reajustar o plano de sa\u00fade dos servidores e implementar mudan\u00e7as, como tamb\u00e9m \u00e9 inaceit\u00e1vel a rapidez com que o Projeto de Lei tramita na Assembl\u00e9ia Legislativa sem consulta e discuss\u00e3o com \u00e0s diversas entidades de classe. O Projeto de Lei deixa clara a inten\u00e7\u00e3o do [&hellip;]<\/p>\n","protected":false},"author":2,"featured_media":0,"comment_status":"open","ping_status":"open","sticky":false,"template":"","format":"standard","meta":{"_links_to":"","_links_to_target":""},"categories":[24],"tags":[],"_links":{"self":[{"href":"https:\/\/www.r2cpress.com.br\/v1\/wp-json\/wp\/v2\/posts\/22841"}],"collection":[{"href":"https:\/\/www.r2cpress.com.br\/v1\/wp-json\/wp\/v2\/posts"}],"about":[{"href":"https:\/\/www.r2cpress.com.br\/v1\/wp-json\/wp\/v2\/types\/post"}],"author":[{"embeddable":true,"href":"https:\/\/www.r2cpress.com.br\/v1\/wp-json\/wp\/v2\/users\/2"}],"replies":[{"embeddable":true,"href":"https:\/\/www.r2cpress.com.br\/v1\/wp-json\/wp\/v2\/comments?post=22841"}],"version-history":[{"count":2,"href":"https:\/\/www.r2cpress.com.br\/v1\/wp-json\/wp\/v2\/posts\/22841\/revisions"}],"predecessor-version":[{"id":22843,"href":"https:\/\/www.r2cpress.com.br\/v1\/wp-json\/wp\/v2\/posts\/22841\/revisions\/22843"}],"wp:attachment":[{"href":"https:\/\/www.r2cpress.com.br\/v1\/wp-json\/wp\/v2\/media?parent=22841"}],"wp:term":[{"taxonomy":"category","embeddable":true,"href":"https:\/\/www.r2cpress.com.br\/v1\/wp-json\/wp\/v2\/categories?post=22841"},{"taxonomy":"post_tag","embeddable":true,"href":"https:\/\/www.r2cpress.com.br\/v1\/wp-json\/wp\/v2\/tags?post=22841"}],"curies":[{"name":"wp","href":"https:\/\/api.w.org\/{rel}","templated":true}]}}