{"id":22981,"date":"2011-08-27T09:41:20","date_gmt":"2011-08-27T12:41:20","guid":{"rendered":"http:\/\/www.r2cpress.com.br\/v1\/?p=22981"},"modified":"2011-08-27T09:41:20","modified_gmt":"2011-08-27T12:41:20","slug":"%e2%80%9cmemorias-do-rio-cachoeira%e2%80%9d-grava-documentario","status":"publish","type":"post","link":"https:\/\/www.r2cpress.com.br\/v1\/2011\/08\/27\/%e2%80%9cmemorias-do-rio-cachoeira%e2%80%9d-grava-documentario\/","title":{"rendered":"\u201cMem\u00f3rias do rio Cachoeira\u201d grava document\u00e1rio"},"content":{"rendered":"<p><a href=\"http:\/\/www.r2cpress.com.br\/v1\/wp-content\/uploads\/mont-mem\u00f3ria-cachoeira-R2C.jpg\"><img loading=\"lazy\" src=\"http:\/\/www.r2cpress.com.br\/v1\/wp-content\/uploads\/mont-mem\u00f3ria-cachoeira-R2C.jpg\" alt=\"\" title=\"mont mem\u00f3ria cachoeira R2C\" width=\"300\" height=\"511\" class=\"alignleft size-full wp-image-22982\" srcset=\"https:\/\/www.r2cpress.com.br\/v1\/wp-content\/uploads\/mont-mem\u00f3ria-cachoeira-R2C.jpg 300w, https:\/\/www.r2cpress.com.br\/v1\/wp-content\/uploads\/mont-mem\u00f3ria-cachoeira-R2C-176x300.jpg 176w\" sizes=\"(max-width: 300px) 100vw, 300px\" \/><\/a>O projeto \u201cMem\u00f3rias do rio Cachoeira\u201d (MRC) realiza sua segunda etapa: a produ\u00e7\u00e3o do document\u00e1rio. A equipe sai \u00e0s ruas, casas e margens do rio em busca de imagens e sons que traduzam as lembran\u00e7as de uma gente que vive direta ou indiretamente do Cachoeira. O document\u00e1rio vai revelar as mem\u00f3rias de um \u201crio que faz parte da hist\u00f3ria do nosso povo, mas que est\u00e1 em estado de coma, implorando por sobreviv\u00eancia\u201d, como reflete o roteiro. <\/p>\n<p>A equipe de produ\u00e7\u00e3o \u00e9 composta por Victor Aziz (diretor), Edson Bastos (diretor assistente e captador de recursos), Cristiane Santana (produtora executiva), Roberta Miranda (diretora de produ\u00e7\u00e3o), Felippe Thomaz (diretor de fotografia), Dario Honorato (cinegrafista) e Henrique Filho (making-of). Juntos desde o dia 18 deste m\u00eas, eles j\u00e1 gravaram com lavadeiras, aguadeiros, areeiros, pescadores, ambientalistas, historiadores, soci\u00f3logos e outras personalidades relacionadas ao Cachoeira. As grava\u00e7\u00f5es terminam na pr\u00f3xima segunda, 29.<\/p>\n<p>O document\u00e1rio \u00e9 o segundo produto do MRC e vai ficar pronto no final de setembro. Outra produ\u00e7\u00e3o do projeto \u00e9 o CD com 12 poemas de autores itabunenses &#8211; como Cyro de Mattos, Ruy P\u00f3voas, Daniela Galdino, Lorenza Mucida e outros \u2013 que foram musicados pela banda Manzu\u00e1 e est\u00e1 em fase de finaliza\u00e7\u00e3o. O lan\u00e7amento do box com o CD e DVD est\u00e1 previsto para novembro.<\/p>\n<p>O objetivo do MRC \u00e9 contribuir para o registro e preserva\u00e7\u00e3o da mem\u00f3ria da regi\u00e3o, em especial a rela\u00e7\u00e3o da popula\u00e7\u00e3o com o rio Cachoeira, al\u00e9m de estimular a cultura local atrav\u00e9s da literatura, m\u00fasica e v\u00eddeo, a educa\u00e7\u00e3o ambiental e formar p\u00fablico para o audiovisual.<\/p>\n<p>Esta \u00e9 uma realiza\u00e7\u00e3o do N\u00facleo de Produ\u00e7\u00f5es Art\u00edsticas (N\u00faProArt), da Panor\u00e2mica Produ\u00e7\u00f5es e da banda Manzu\u00e1. \u00c9 vencedor do edital n\u00ba 05\/2009 de Apoio a produ\u00e7\u00e3o de conte\u00fado em m\u00fasica no Estado da Bahia, atrav\u00e9s da Secretaria de Cultura &#8211; SECULT, Fundo de Cultura da Bahia e da Funda\u00e7\u00e3o Cultural do Estado da Bahia \u2013 FUNCEB. <\/p>\n<p>A popula\u00e7\u00e3o tamb\u00e9m pode ser parceira do \u201cMem\u00f3rias do rio Cachoeira\u201d. Em novembro a produ\u00e7\u00e3o vai realizar uma festa de lan\u00e7amento gratuita e aberta ao p\u00fablico, a fim de facilitar o acesso ao resultado deste trabalho para a popula\u00e7\u00e3o. Para isso, o MRC recebe colabora\u00e7\u00f5es. Al\u00e9m de se tornar um apoiador, quem colaborar ganha pr\u00eamios relacionados ao projeto de acordo com a quantia doada (camiseta, box com CD e DVD, m\u00fasica exclusiva, entre outros). Para mais informa\u00e7\u00f5es, acesse: www.memoriasdocachoeira.com<\/p>\n<p>&#8212;<br \/>\nTacila Mendes<br \/>\nComunic\u00f3loga \/ DRT 6795<br \/>\nAscom Mem\u00f3rias do rio Cachoeira<br \/>\nmemoriasdocachoeira@gmail.com<\/p>\n","protected":false},"excerpt":{"rendered":"<p>O projeto \u201cMem\u00f3rias do rio Cachoeira\u201d (MRC) realiza sua segunda etapa: a produ\u00e7\u00e3o do document\u00e1rio. A equipe sai \u00e0s ruas, casas e margens do rio em busca de imagens e sons que traduzam as lembran\u00e7as de uma gente que vive direta ou indiretamente do Cachoeira. O document\u00e1rio vai revelar as mem\u00f3rias de um \u201crio que [&hellip;]<\/p>\n","protected":false},"author":2,"featured_media":0,"comment_status":"open","ping_status":"open","sticky":false,"template":"","format":"standard","meta":{"_links_to":"","_links_to_target":""},"categories":[5],"tags":[],"_links":{"self":[{"href":"https:\/\/www.r2cpress.com.br\/v1\/wp-json\/wp\/v2\/posts\/22981"}],"collection":[{"href":"https:\/\/www.r2cpress.com.br\/v1\/wp-json\/wp\/v2\/posts"}],"about":[{"href":"https:\/\/www.r2cpress.com.br\/v1\/wp-json\/wp\/v2\/types\/post"}],"author":[{"embeddable":true,"href":"https:\/\/www.r2cpress.com.br\/v1\/wp-json\/wp\/v2\/users\/2"}],"replies":[{"embeddable":true,"href":"https:\/\/www.r2cpress.com.br\/v1\/wp-json\/wp\/v2\/comments?post=22981"}],"version-history":[{"count":3,"href":"https:\/\/www.r2cpress.com.br\/v1\/wp-json\/wp\/v2\/posts\/22981\/revisions"}],"predecessor-version":[{"id":22985,"href":"https:\/\/www.r2cpress.com.br\/v1\/wp-json\/wp\/v2\/posts\/22981\/revisions\/22985"}],"wp:attachment":[{"href":"https:\/\/www.r2cpress.com.br\/v1\/wp-json\/wp\/v2\/media?parent=22981"}],"wp:term":[{"taxonomy":"category","embeddable":true,"href":"https:\/\/www.r2cpress.com.br\/v1\/wp-json\/wp\/v2\/categories?post=22981"},{"taxonomy":"post_tag","embeddable":true,"href":"https:\/\/www.r2cpress.com.br\/v1\/wp-json\/wp\/v2\/tags?post=22981"}],"curies":[{"name":"wp","href":"https:\/\/api.w.org\/{rel}","templated":true}]}}