{"id":23367,"date":"2011-09-02T11:01:05","date_gmt":"2011-09-02T14:01:05","guid":{"rendered":"http:\/\/www.r2cpress.com.br\/v1\/?p=23367"},"modified":"2011-09-02T11:01:05","modified_gmt":"2011-09-02T14:01:05","slug":"duas-armas-aprendidas-pelo-peto-da-69%c2%aa-cipm-com-menores-de-idade","status":"publish","type":"post","link":"https:\/\/www.r2cpress.com.br\/v1\/2011\/09\/02\/duas-armas-aprendidas-pelo-peto-da-69%c2%aa-cipm-com-menores-de-idade\/","title":{"rendered":"DUAS ARMAS APRENDIDAS PELO PETO DA 69\u00aa CIPM COM MENORES DE IDADE"},"content":{"rendered":"<p>No meio da tarde de ontem (01) o Pelot\u00e3o Especial T\u00e1tico Ostensivo da 69\u00aa CIPM apreendeu uma pistola 380 e um rev\u00f3lver calibre 38, em abordagem na zona sul de Ilh\u00e9us.<\/p>\n<p>Policiais Militares avistaram um taxi com tr\u00eas elementos suspeitos passando pelo bairro S\u00e3o Francisco as margens da BA 001 no sentido Ilh\u00e9us-Oliven\u00e7a.<br \/>\n<div id=\"attachment_23368\" style=\"width: 310px\" class=\"wp-caption aligncenter\"><a href=\"http:\/\/www.r2cpress.com.br\/v1\/wp-content\/uploads\/Menores-apreendidos-na-zona-sul-69-CIPM.jpg\"><img aria-describedby=\"caption-attachment-23368\" loading=\"lazy\" src=\"http:\/\/www.r2cpress.com.br\/v1\/wp-content\/uploads\/Menores-apreendidos-na-zona-sul-69-CIPM-300x114.jpg\" alt=\"\" title=\"Menores apreendidos na zona sul 69 CIPM\" width=\"300\" height=\"114\" class=\"size-medium wp-image-23368\" srcset=\"https:\/\/www.r2cpress.com.br\/v1\/wp-content\/uploads\/Menores-apreendidos-na-zona-sul-69-CIPM-300x114.jpg 300w, https:\/\/www.r2cpress.com.br\/v1\/wp-content\/uploads\/Menores-apreendidos-na-zona-sul-69-CIPM.jpg 989w\" sizes=\"(max-width: 300px) 100vw, 300px\" \/><\/a><p id=\"caption-attachment-23368\" class=\"wp-caption-text\">Clique para AMPLIAR.<\/p><\/div><br \/>\nAo abordar o ve\u00edculo foi encontrado com os passageiros 04 papelotes de maconha, 01 pistola Imbel 380, 01 rev\u00f3lver Rossi calibre 38 e R$ 242,00 em esp\u00e9cie.<br \/>\nOs tr\u00eas indiv\u00edduos s\u00e3o menores de idade. Todos os envolvidos foram conduzidos a 7\u00aa COORPIN junto com o taxista para que fossem tomadas as devidas provid\u00eancias.<\/p>\n","protected":false},"excerpt":{"rendered":"<p>No meio da tarde de ontem (01) o Pelot\u00e3o Especial T\u00e1tico Ostensivo da 69\u00aa CIPM apreendeu uma pistola 380 e um rev\u00f3lver calibre 38, em abordagem na zona sul de Ilh\u00e9us. Policiais Militares avistaram um taxi com tr\u00eas elementos suspeitos passando pelo bairro S\u00e3o Francisco as margens da BA 001 no sentido Ilh\u00e9us-Oliven\u00e7a. Ao abordar [&hellip;]<\/p>\n","protected":false},"author":2,"featured_media":0,"comment_status":"open","ping_status":"open","sticky":false,"template":"","format":"standard","meta":{"_links_to":"","_links_to_target":""},"categories":[25],"tags":[],"_links":{"self":[{"href":"https:\/\/www.r2cpress.com.br\/v1\/wp-json\/wp\/v2\/posts\/23367"}],"collection":[{"href":"https:\/\/www.r2cpress.com.br\/v1\/wp-json\/wp\/v2\/posts"}],"about":[{"href":"https:\/\/www.r2cpress.com.br\/v1\/wp-json\/wp\/v2\/types\/post"}],"author":[{"embeddable":true,"href":"https:\/\/www.r2cpress.com.br\/v1\/wp-json\/wp\/v2\/users\/2"}],"replies":[{"embeddable":true,"href":"https:\/\/www.r2cpress.com.br\/v1\/wp-json\/wp\/v2\/comments?post=23367"}],"version-history":[{"count":2,"href":"https:\/\/www.r2cpress.com.br\/v1\/wp-json\/wp\/v2\/posts\/23367\/revisions"}],"predecessor-version":[{"id":23370,"href":"https:\/\/www.r2cpress.com.br\/v1\/wp-json\/wp\/v2\/posts\/23367\/revisions\/23370"}],"wp:attachment":[{"href":"https:\/\/www.r2cpress.com.br\/v1\/wp-json\/wp\/v2\/media?parent=23367"}],"wp:term":[{"taxonomy":"category","embeddable":true,"href":"https:\/\/www.r2cpress.com.br\/v1\/wp-json\/wp\/v2\/categories?post=23367"},{"taxonomy":"post_tag","embeddable":true,"href":"https:\/\/www.r2cpress.com.br\/v1\/wp-json\/wp\/v2\/tags?post=23367"}],"curies":[{"name":"wp","href":"https:\/\/api.w.org\/{rel}","templated":true}]}}