{"id":23376,"date":"2011-09-02T11:30:59","date_gmt":"2011-09-02T14:30:59","guid":{"rendered":"http:\/\/www.r2cpress.com.br\/v1\/?p=23376"},"modified":"2011-09-02T11:30:59","modified_gmt":"2011-09-02T14:30:59","slug":"bebe-baiano-com-problemas-no-coracao-sofre-com-burocracia-do-sus","status":"publish","type":"post","link":"https:\/\/www.r2cpress.com.br\/v1\/2011\/09\/02\/bebe-baiano-com-problemas-no-coracao-sofre-com-burocracia-do-sus\/","title":{"rendered":"Beb\u00ea baiano com problemas no cora\u00e7\u00e3o sofre com burocracia do SUS"},"content":{"rendered":"<p><strong>Beb\u00ea nasceu com s\u00edndrome de Hipoplasia do cora\u00e7\u00e3o esquerdo.<br \/>\nCrian\u00e7a dever\u00e1 ser transferida do Planserv para o SUS.<\/strong><\/p>\n<div id=\"1616765\"><a href=\"http:\/\/www.r2cpress.com.br\/v1\/wp-content\/uploads\/bebe.jpg\"><img loading=\"lazy\" class=\"alignleft size-full wp-image-23377\" title=\"bebe\" src=\"http:\/\/www.r2cpress.com.br\/v1\/wp-content\/uploads\/bebe.jpg\" alt=\"\" width=\"150\" height=\"94\" \/><\/a>A vida de um beb\u00ea de um m\u00eas, que nasceu em Salvador, est\u00e1 em risco por causa da burocracia. Os m\u00e9dicos descobriram um problema no cora\u00e7\u00e3o do beb\u00ea e ele precisa fazer uma cirurgia que pode salvar a sua vida.<\/div>\n<p>O sofrimento j\u00e1 dura quase um m\u00eas, mas os pais seguem firmes para tentar salvar a vida do filho. &#8220;Se ele tiver uma chance de sobreviver, a gente vai correr at\u00e9 no final do mundo, mas a gente vai tentar\u201d, afirmou a m\u00e3e da crian\u00e7a.<\/p>\n<p>Cau\u00ea completou um ano de vida, na \u00faltima quarta-feira (31). Ele nasceu com a s\u00edndrome de Hipoplasia do cora\u00e7\u00e3o esquerdo. Todo o lado esquerdo do cora\u00e7\u00e3o \u00e9 menor, impedindo que o sangue seja bombeado para o restante do corpo. A m\u00e9dica que acompanha o menino desde o nascimento, Zilma Ver\u00e7osa, diz que o problema foi descoberto no segundo dia de vida, dando inicio a uma luta por vaga em uma UTI pedi\u00e1trica e tamb\u00e9m pela cirurgia. Segundo ela, a complexidade da cirurgia tamb\u00e9m \u00e9 uma barreira para resolver a situa\u00e7\u00e3o.<\/p>\n<p>\u201cNa maternidade do Hospital Portugu\u00eas, ainda n\u00e3o tem condi\u00e7\u00f5es de fazer uma cirurgia de alta complexidade card\u00edaca como essa. Foi solicitado vaga no Hospital Santa Izabel, que \u00e9 o hospital que o plano de sa\u00fade dele d\u00e1 direito, e n\u00e3o conseguimos transfer\u00eancia\u201d, afirmou Zilma.<\/p>\n<p><!--more--><\/p>\n<p>De acordo com a m\u00e9dica a corre\u00e7\u00e3o para Hipoplasia \u00e9 realizada em tr\u00eas etapas, sendo que a primeira cirurgia deveria ter sido feita com at\u00e9 sete dias de vida. Entretanto, somente na \u00faltima ter\u00e7a feira (30), quase um m\u00eas depois, a fam\u00edlia conseguiu a vaga no hospital Santa Isabel, mas a unidade s\u00f3 tem estrutura para uma pr\u00e9-cirurgia. A m\u00e9dica conseguiu a autoriza\u00e7\u00e3o para a cirurgia ser feita em S\u00e3o Paulo no Hospital da Benefic\u00eancia Portuguesa, mas o Planserv n\u00e3o cobre o procedimento em outro estado.<\/p>\n<p>A luta agora \u00e9 para transferir Cau\u00ea do Planserv para o Sistema \u00danico de Sa\u00fade (SUS), j\u00e1 que a unidade em S\u00e3o Paulo faz a cirurgia pelo SUS. Este \u00e9 o motivo do impasse, pois h\u00e1 vaga para cirurgia ser feita em S\u00e3o Paulo atrav\u00e9s do SUS e a Secretaria de Sa\u00fade da Bahia j\u00e1 garantiu uma UTI a\u00e9rea para levar a crian\u00e7a, mas ainda n\u00e3o h\u00e1 explica\u00e7\u00e3o para o fato de Cau\u00ea n\u00e3o ter sido transferido. \u201cA gente precisa matricular a crian\u00e7a no sistema de tratamento fora domic\u00edlio com o numero do CNRAC. Eu n\u00e3o consegui entender qual foi a dificuldade da Secretaria de nos fornecer o n\u00famero da CNRAC\u201d, disse a m\u00e9dica.<\/p>\n<p>Para os pais da crian\u00e7a, Tamara e Alessandro Ribeiro, resta a esperan\u00e7a de que a cirurgia do filho seja realizada. \u201cEu estou querendo manter o meu filho vivo. A chance de salvar meu filho eu tenho, mas negam\u201d, desabafou Alessandro.<\/p>\n<p>A diretora de regula\u00e7\u00e3o da sa\u00fade do estado, Vicenza Lorusso, informou que a demora em cadastrar o nome de Cau\u00ea, \u00e9 devido ao hospital em que nasceu o beb\u00ea, pois o mesmo n\u00e3o realiza o procedimento de cadastro fora domic\u00edlio. Entretanto, ela afirmou que o cadastro ser\u00e1 realizado ainda nesta quinta-feira (1). Uma equipe m\u00e9dica est\u00e1 analisando se a cirurgia poder\u00e1 ser feita em Salvador.<\/p>\n<p>&#8212;<\/p>\n<p>Do <a href = \"http:\/\/g1.globo.com\/brasil\/noticia\/2011\/09\/bebe-baiano-com-problemas-no-coracao-sofre-com-burocracia-do-sus.html\" target = \"_news\"> <b> G1 BA<\/b><\/a>  com informa\u00e7\u00f5es da TV Bahia<\/p>\n","protected":false},"excerpt":{"rendered":"<p>Beb\u00ea nasceu com s\u00edndrome de Hipoplasia do cora\u00e7\u00e3o esquerdo. Crian\u00e7a dever\u00e1 ser transferida do Planserv para o SUS. A vida de um beb\u00ea de um m\u00eas, que nasceu em Salvador, est\u00e1 em risco por causa da burocracia. Os m\u00e9dicos descobriram um problema no cora\u00e7\u00e3o do beb\u00ea e ele precisa fazer uma cirurgia que pode salvar [&hellip;]<\/p>\n","protected":false},"author":2,"featured_media":0,"comment_status":"open","ping_status":"open","sticky":false,"template":"","format":"standard","meta":{"_links_to":"","_links_to_target":""},"categories":[13],"tags":[],"_links":{"self":[{"href":"https:\/\/www.r2cpress.com.br\/v1\/wp-json\/wp\/v2\/posts\/23376"}],"collection":[{"href":"https:\/\/www.r2cpress.com.br\/v1\/wp-json\/wp\/v2\/posts"}],"about":[{"href":"https:\/\/www.r2cpress.com.br\/v1\/wp-json\/wp\/v2\/types\/post"}],"author":[{"embeddable":true,"href":"https:\/\/www.r2cpress.com.br\/v1\/wp-json\/wp\/v2\/users\/2"}],"replies":[{"embeddable":true,"href":"https:\/\/www.r2cpress.com.br\/v1\/wp-json\/wp\/v2\/comments?post=23376"}],"version-history":[{"count":5,"href":"https:\/\/www.r2cpress.com.br\/v1\/wp-json\/wp\/v2\/posts\/23376\/revisions"}],"predecessor-version":[{"id":23382,"href":"https:\/\/www.r2cpress.com.br\/v1\/wp-json\/wp\/v2\/posts\/23376\/revisions\/23382"}],"wp:attachment":[{"href":"https:\/\/www.r2cpress.com.br\/v1\/wp-json\/wp\/v2\/media?parent=23376"}],"wp:term":[{"taxonomy":"category","embeddable":true,"href":"https:\/\/www.r2cpress.com.br\/v1\/wp-json\/wp\/v2\/categories?post=23376"},{"taxonomy":"post_tag","embeddable":true,"href":"https:\/\/www.r2cpress.com.br\/v1\/wp-json\/wp\/v2\/tags?post=23376"}],"curies":[{"name":"wp","href":"https:\/\/api.w.org\/{rel}","templated":true}]}}