{"id":23391,"date":"2011-09-02T20:00:10","date_gmt":"2011-09-02T23:00:10","guid":{"rendered":"http:\/\/www.r2cpress.com.br\/v1\/?p=23391"},"modified":"2011-09-03T09:46:31","modified_gmt":"2011-09-03T12:46:31","slug":"do-fundo-do-bau-de-jose-leite-especial-10","status":"publish","type":"post","link":"https:\/\/www.r2cpress.com.br\/v1\/2011\/09\/02\/do-fundo-do-bau-de-jose-leite-especial-10\/","title":{"rendered":"DO FUNDO DO BA\u00da DE JOS\u00c9 LEITE (ESPECIAL)"},"content":{"rendered":"<p><center><img src=\"http:\/\/www.r2cpress.com.br\/v1\/wp-content\/uploads\/tampa-do-ba%C3%BA-com-camisa.jpg\" alt=\"\" \/><br \/>\n<strong>1) CARTA DE ABRAHAN LINCOLN AO PROFESSOR DO SEU FILHO.<br \/>\n2) AS FOTOS DESTAQUES DA SEMANA <\/strong><\/center><!--more--><\/p>\n<p>***<\/p>\n<p><center><strong>CARTA DE ABRAHAN LINCOLN AO PROFESSOR DO SEU FILHO.<\/strong><\/center><center><\/center>&nbsp;<\/p>\n<p><center><a href=\"http:\/\/www.r2cpress.com.br\/v1\/wp-content\/uploads\/ABRAHAN-LINCOLN.jpg\"><img loading=\"lazy\" class=\"aligncenter size-full wp-image-23449\" title=\"ABRAHAN LINCOLN\" src=\"http:\/\/www.r2cpress.com.br\/v1\/wp-content\/uploads\/ABRAHAN-LINCOLN.jpg\" alt=\"\" width=\"200\" height=\"322\" srcset=\"https:\/\/www.r2cpress.com.br\/v1\/wp-content\/uploads\/ABRAHAN-LINCOLN.jpg 200w, https:\/\/www.r2cpress.com.br\/v1\/wp-content\/uploads\/ABRAHAN-LINCOLN-186x300.jpg 186w\" sizes=\"(max-width: 200px) 100vw, 200px\" \/><\/a><\/center><br \/>\n&#8220;Caro professor, ele ter\u00e1 de aprender que nem todos os homens s\u00e3o justos, nem todos s\u00e3o verdadeiros, mas, por favor, diga-lhe que, para cada vil\u00e3o h\u00e1 um her\u00f3i, que para cada ego\u00edsta, h\u00e1 tamb\u00e9m um l\u00edder dedicado, ensine-lhe, por favor, que para cada inimigo haver\u00e1 tamb\u00e9m um amigo, ensine-lhe que mais vale uma moeda ganha que uma moeda encontrada, ensine-o a perder, mas tamb\u00e9m, a saber, gozar da vit\u00f3ria, afaste-o da inveja e d\u00ea-lhe a conhecer a alegria profunda do sorriso silencioso, fa\u00e7a-o maravilhar-se com os livros, mas deixe-o tamb\u00e9m perder-se com os p\u00e1ssaros no c\u00e9u, as flores no campo, os montes e os vales.<br \/>\nNas brincadeiras com os amigos, explique-lhe que a derrota honrosa vale mais que a vit\u00f3ria vergonhosa, ensine-o a acreditar em si, mesmo se sozinho contra todos.<br \/>\nEnsine-o a ser gentil com os gentis e duro com os duros, ensine-o a nunca entrar no comboio simplesmente porque os outros tamb\u00e9m entraram.<br \/>\nEnsine-o a ouvir todos, mas, na hora da verdade, a decidir sozinho, ensine-o a rir quando estiver triste e explique-lhe que por vezes os homens tamb\u00e9m choram.<br \/>\nEnsine-o a ignorar as multid\u00f5es que reclamam sangue e a lutar s\u00f3 contra todos, se ele achar que tem raz\u00e3o.<br \/>\nTrate-o bem, mas n\u00e3o o mime, pois s\u00f3 o teste do fogo faz o verdadeiro a\u00e7o, deixe-o ter a coragem de ser impaciente e a paci\u00eancia de ser corajoso.<br \/>\nTransmita-lhe uma f\u00e9 sublime no Criador e f\u00e9 tamb\u00e9m em si, pois s\u00f3 assim poder\u00e1 ter f\u00e9 nos homens.<br \/>\n\u201cEu sei que estou pedindo muito, mas veja o que pode fazer caro professor.\u201d<br \/>\nAbraham Lincoln.<\/p>\n<p><center>DEDICADO AOS PROFESSORES.<\/center><center><strong>Abrahan Lincon foi o 16\u00b0 Presidente dos Estados Unidos da Am\u00e9rica.<br \/>\nNasceu em 12-02-1809 e faleceu assassinado em 15-04-1865.<\/strong><\/center><center>AS FOTOS DESTAQUES DA SEMANA<\/center>Dizem que a concorr\u00eancia \u00e9 a alma do neg\u00f3cio. Observe as fotos abaixo no CAL\u00c7AD\u00c3O DA RUA MARQU\u00caS DE PARANAGU\u00c1 em frente ao Banco do Brasil.<\/p>\n<div id=\"attachment_23392\" style=\"width: 310px\" class=\"wp-caption aligncenter\"><a href=\"http:\/\/www.r2cpress.com.br\/v1\/wp-content\/uploads\/156.jpg\"><img aria-describedby=\"caption-attachment-23392\" loading=\"lazy\" class=\"size-medium wp-image-23392\" title=\"Foto: Agosto de 2011\" src=\"http:\/\/www.r2cpress.com.br\/v1\/wp-content\/uploads\/156-300x200.jpg\" alt=\"\" width=\"300\" height=\"200\" srcset=\"https:\/\/www.r2cpress.com.br\/v1\/wp-content\/uploads\/156-300x200.jpg 300w, https:\/\/www.r2cpress.com.br\/v1\/wp-content\/uploads\/156.jpg 892w\" sizes=\"(max-width: 300px) 100vw, 300px\" \/><\/a><p id=\"caption-attachment-23392\" class=\"wp-caption-text\">Foto: Agosto de 2011<\/p><\/div>\n<div id=\"attachment_23393\" style=\"width: 310px\" class=\"wp-caption aligncenter\"><a href=\"http:\/\/www.r2cpress.com.br\/v1\/wp-content\/uploads\/226.jpg\"><img aria-describedby=\"caption-attachment-23393\" loading=\"lazy\" class=\"size-medium wp-image-23393\" title=\"N\u00e3o amigo, n\u00e3o \u00e9 propaganda pol\u00edtica, \u00e9 comercial de loja do Com\u00e9rcio de Ilh\u00e9us em pleno Cal\u00e7ad\u00e3o da Rua D. Pedro II.  (Foto: Agosto\/2011)\" src=\"http:\/\/www.r2cpress.com.br\/v1\/wp-content\/uploads\/226-300x202.jpg\" alt=\"\" width=\"300\" height=\"202\" srcset=\"https:\/\/www.r2cpress.com.br\/v1\/wp-content\/uploads\/226-300x202.jpg 300w, https:\/\/www.r2cpress.com.br\/v1\/wp-content\/uploads\/226.jpg 877w\" sizes=\"(max-width: 300px) 100vw, 300px\" \/><\/a><p id=\"caption-attachment-23393\" class=\"wp-caption-text\">N\u00e3o amigo, n\u00e3o \u00e9 propaganda pol\u00edtica, \u00e9 comercial de loja do Com\u00e9rcio de Ilh\u00e9us em pleno Cal\u00e7ad\u00e3o da Rua D. Pedro II. (Foto: Agosto\/2011)<\/p><\/div>\n<div id=\"attachment_23394\" style=\"width: 310px\" class=\"wp-caption aligncenter\"><a href=\"http:\/\/www.r2cpress.com.br\/v1\/wp-content\/uploads\/327.jpg\"><img aria-describedby=\"caption-attachment-23394\" loading=\"lazy\" class=\"size-medium wp-image-23394\" title=\"A Devo\u00e7\u00e3o ao PADRE C\u00cdCERO come\u00e7a desde crian\u00e7a. Na foto acima, jovens acendendo velas no grande Veleiro do Horto em JUAZEIRO DO NORTE \u2013 CEAR\u00c1. (Foto clicada por Jos\u00e9 Leite em 22-04-2011)\" src=\"http:\/\/www.r2cpress.com.br\/v1\/wp-content\/uploads\/327-300x199.jpg\" alt=\"\" width=\"300\" height=\"199\" srcset=\"https:\/\/www.r2cpress.com.br\/v1\/wp-content\/uploads\/327-300x199.jpg 300w, https:\/\/www.r2cpress.com.br\/v1\/wp-content\/uploads\/327.jpg 883w\" sizes=\"(max-width: 300px) 100vw, 300px\" \/><\/a><p id=\"caption-attachment-23394\" class=\"wp-caption-text\">A Devo\u00e7\u00e3o ao PADRE C\u00cdCERO come\u00e7a desde crian\u00e7a. Na foto acima, jovens acendendo velas no grande Veleiro do Horto em JUAZEIRO DO NORTE \u2013 CEAR\u00c1. (Foto clicada por Jos\u00e9 Leite em 22-04-2011)<\/p><\/div>\n<div id=\"attachment_23395\" style=\"width: 310px\" class=\"wp-caption aligncenter\"><a href=\"http:\/\/www.r2cpress.com.br\/v1\/wp-content\/uploads\/425.jpg\"><img aria-describedby=\"caption-attachment-23395\" loading=\"lazy\" class=\"size-medium wp-image-23395\" title=\"Na foto acima, observe como parece com a AVENIDA 2 DE JULHO em dire\u00e7\u00e3o a \u00e1rea do Cristo, mas n\u00e3o, \u00e9 um trecho da AVENIDA PEDRO \u00c1LVARES CABRAL em PORTO SEGURO. Observe a mureta de prote\u00e7\u00e3o. (Foto: 20-08-2011).\" src=\"http:\/\/www.r2cpress.com.br\/v1\/wp-content\/uploads\/425-300x201.jpg\" alt=\"\" width=\"300\" height=\"201\" srcset=\"https:\/\/www.r2cpress.com.br\/v1\/wp-content\/uploads\/425-300x201.jpg 300w, https:\/\/www.r2cpress.com.br\/v1\/wp-content\/uploads\/425.jpg 871w\" sizes=\"(max-width: 300px) 100vw, 300px\" \/><\/a><p id=\"caption-attachment-23395\" class=\"wp-caption-text\">Na foto acima, observe como parece com a AVENIDA 2 DE JULHO em dire\u00e7\u00e3o a \u00e1rea do Cristo, mas n\u00e3o, \u00e9 um trecho da AVENIDA PEDRO \u00c1LVARES CABRAL em PORTO SEGURO. Observe a mureta de prote\u00e7\u00e3o. (Foto: 20-08-2011).<\/p><\/div>\n<div id=\"attachment_23396\" style=\"width: 310px\" class=\"wp-caption aligncenter\"><a href=\"http:\/\/www.r2cpress.com.br\/v1\/wp-content\/uploads\/525.jpg\"><img aria-describedby=\"caption-attachment-23396\" loading=\"lazy\" class=\"size-medium wp-image-23396\" title=\"Na foto acima, agora sim, um trecho da AVENIDA 2 DE JULHO em dire\u00e7\u00e3o a \u00e1rea do CRISTO REDENTOR DE ILH\u00c9US. Observe que n\u00e3o existe a mureta de prote\u00e7\u00e3o, tornando-se um perigo por causa da altura para os pedestres que por ali transitam. O amigo POPOF, h\u00e1 tempos atr\u00e1s, apresentou atrav\u00e9s da REVISTA FOLHA DA PRAIA uma bonita sugest\u00e3o para aquela \u00e1rea. (Foto: 28-08-2011)\" src=\"http:\/\/www.r2cpress.com.br\/v1\/wp-content\/uploads\/525-300x206.jpg\" alt=\"\" width=\"300\" height=\"206\" srcset=\"https:\/\/www.r2cpress.com.br\/v1\/wp-content\/uploads\/525-300x206.jpg 300w, https:\/\/www.r2cpress.com.br\/v1\/wp-content\/uploads\/525.jpg 877w\" sizes=\"(max-width: 300px) 100vw, 300px\" \/><\/a><p id=\"caption-attachment-23396\" class=\"wp-caption-text\">Na foto acima, agora sim, um trecho da AVENIDA 2 DE JULHO em dire\u00e7\u00e3o a \u00e1rea do CRISTO REDENTOR DE ILH\u00c9US. Observe que n\u00e3o existe a mureta de prote\u00e7\u00e3o, tornando-se um perigo por causa da altura para os pedestres que por ali transitam. O amigo POPOF, h\u00e1 tempos atr\u00e1s, apresentou atrav\u00e9s da REVISTA FOLHA DA PRAIA uma bonita sugest\u00e3o para aquela \u00e1rea. (Foto: 28-08-2011)<\/p><\/div>\n<div id=\"attachment_23397\" style=\"width: 310px\" class=\"wp-caption aligncenter\"><a href=\"http:\/\/www.r2cpress.com.br\/v1\/wp-content\/uploads\/625.jpg\"><img aria-describedby=\"caption-attachment-23397\" loading=\"lazy\" class=\"size-medium wp-image-23397\" title=\"Apresento a voc\u00eas meu gar\u00e7om preferido em Ilh\u00e9us, JACKSOM da CIA DO CARANGUEJO.\" src=\"http:\/\/www.r2cpress.com.br\/v1\/wp-content\/uploads\/625-300x168.jpg\" alt=\"\" width=\"300\" height=\"168\" srcset=\"https:\/\/www.r2cpress.com.br\/v1\/wp-content\/uploads\/625-300x168.jpg 300w, https:\/\/www.r2cpress.com.br\/v1\/wp-content\/uploads\/625.jpg 874w\" sizes=\"(max-width: 300px) 100vw, 300px\" \/><\/a><p id=\"caption-attachment-23397\" class=\"wp-caption-text\">Apresento a voc\u00eas meu gar\u00e7om preferido em Ilh\u00e9us, JACKSOM da CIA DO CARANGUEJO.<\/p><\/div>\n<div id=\"attachment_23398\" style=\"width: 310px\" class=\"wp-caption aligncenter\"><a href=\"http:\/\/www.r2cpress.com.br\/v1\/wp-content\/uploads\/725.jpg\"><img aria-describedby=\"caption-attachment-23398\" loading=\"lazy\" class=\"size-medium wp-image-23398\" title=\"Apresento tamb\u00e9m meu gar\u00e7om preferido em Juazeiro do Norte, TOINHO da CHURRASCARIA CARNEIRO ASSADO. Observe que os dois s\u00e3o mais baixinhos que JOS\u00c9 LEITE.\" src=\"http:\/\/www.r2cpress.com.br\/v1\/wp-content\/uploads\/725-300x199.jpg\" alt=\"\" width=\"300\" height=\"199\" srcset=\"https:\/\/www.r2cpress.com.br\/v1\/wp-content\/uploads\/725-300x199.jpg 300w, https:\/\/www.r2cpress.com.br\/v1\/wp-content\/uploads\/725.jpg 883w\" sizes=\"(max-width: 300px) 100vw, 300px\" \/><\/a><p id=\"caption-attachment-23398\" class=\"wp-caption-text\">Apresento tamb\u00e9m meu gar\u00e7om preferido em Juazeiro do Norte, TOINHO da CHURRASCARIA CARNEIRO ASSADO. Observe que os dois s\u00e3o mais baixinhos que JOS\u00c9 LEITE.<\/p><\/div>\n<div id=\"attachment_23399\" style=\"width: 310px\" class=\"wp-caption aligncenter\"><a href=\"http:\/\/www.r2cpress.com.br\/v1\/wp-content\/uploads\/824.jpg\"><img aria-describedby=\"caption-attachment-23399\" loading=\"lazy\" class=\"size-medium wp-image-23399\" title=\"Um abra\u00e7o para dois amigos de ILH\u00c9US. Os dois irm\u00e3os: MOR\u00caIA e J\u00daLIO.\" src=\"http:\/\/www.r2cpress.com.br\/v1\/wp-content\/uploads\/824-300x196.jpg\" alt=\"\" width=\"300\" height=\"196\" srcset=\"https:\/\/www.r2cpress.com.br\/v1\/wp-content\/uploads\/824-300x196.jpg 300w, https:\/\/www.r2cpress.com.br\/v1\/wp-content\/uploads\/824.jpg 886w\" sizes=\"(max-width: 300px) 100vw, 300px\" \/><\/a><p id=\"caption-attachment-23399\" class=\"wp-caption-text\">Um abra\u00e7o para dois amigos de ILH\u00c9US. Os dois irm\u00e3os: MOR\u00caIA e J\u00daLIO.<\/p><\/div>\n<p><center>HERVAL SOLEDADE EM CAMPANHA POL\u00cdTICA.<\/center><\/p>\n<div id=\"attachment_23400\" style=\"width: 310px\" class=\"wp-caption aligncenter\"><a href=\"http:\/\/www.r2cpress.com.br\/v1\/wp-content\/uploads\/924.jpg\"><img aria-describedby=\"caption-attachment-23400\" loading=\"lazy\" class=\"size-medium wp-image-23400\" title=\"HERVAL SOLEDADE e amigos correligion\u00e1rios saindo da IGREJA S\u00c3O JORGE. Na foto: HERVAL \u00e9 o de palet\u00f3 preto, o sorridente \u00e9 o saudoso comerciante ELIAS OCKE, aparecem tamb\u00e9m os saudosos M\u00c1RIO CHAGAS, MANOEL PAULINO (MANECA) e outros. HERVAL SOLEDADE foi Prefeito de ILH\u00c9US em duas gest\u00f5es, 1955-1959 e 1963-1967. (Foto: 1962, cortesia LIB\u00c9RIO MENEZES FILHO).\" src=\"http:\/\/www.r2cpress.com.br\/v1\/wp-content\/uploads\/924-300x217.jpg\" alt=\"\" width=\"300\" height=\"217\" srcset=\"https:\/\/www.r2cpress.com.br\/v1\/wp-content\/uploads\/924-300x217.jpg 300w, https:\/\/www.r2cpress.com.br\/v1\/wp-content\/uploads\/924-1024x741.jpg 1024w, https:\/\/www.r2cpress.com.br\/v1\/wp-content\/uploads\/924.jpg 1627w\" sizes=\"(max-width: 300px) 100vw, 300px\" \/><\/a><p id=\"caption-attachment-23400\" class=\"wp-caption-text\">HERVAL SOLEDADE e amigos correligion\u00e1rios saindo da IGREJA S\u00c3O JORGE. Na foto: HERVAL \u00e9 o de palet\u00f3 preto, o sorridente \u00e9 o saudoso comerciante ELIAS OCKE, aparecem tamb\u00e9m os saudosos M\u00c1RIO CHAGAS, MANOEL PAULINO (MANECA) e outros. HERVAL SOLEDADE foi Prefeito de ILH\u00c9US em duas gest\u00f5es, 1955-1959 e 1963-1967. (Foto: 1962, cortesia LIB\u00c9RIO MENEZES FILHO).<\/p><\/div>\n<div id=\"attachment_23401\" style=\"width: 310px\" class=\"wp-caption aligncenter\"><a href=\"http:\/\/www.r2cpress.com.br\/v1\/wp-content\/uploads\/1025.jpg\"><img aria-describedby=\"caption-attachment-23401\" loading=\"lazy\" class=\"size-medium wp-image-23401\" title=\"A Presidente da CDL de ILH\u00c9US, NADJA ARG\u00d4LO, foi uma das convidadas para o almo\u00e7o semanal do ROTARI CLUB DE ILH\u00c9US no \u00faltimo dia 25-08-2011. Na foto: o Presidente R\u00d3GERE LEMOS, NADJA e CL\u00d3VIS JR (Secret\u00e1rio).\" src=\"http:\/\/www.r2cpress.com.br\/v1\/wp-content\/uploads\/1025-300x200.jpg\" alt=\"\" width=\"300\" height=\"200\" srcset=\"https:\/\/www.r2cpress.com.br\/v1\/wp-content\/uploads\/1025-300x200.jpg 300w, https:\/\/www.r2cpress.com.br\/v1\/wp-content\/uploads\/1025.jpg 877w\" sizes=\"(max-width: 300px) 100vw, 300px\" \/><\/a><p id=\"caption-attachment-23401\" class=\"wp-caption-text\">A Presidente da CDL de ILH\u00c9US, NADJA ARG\u00d4LO, foi uma das convidadas para o almo\u00e7o semanal do ROTARI CLUB DE ILH\u00c9US no \u00faltimo dia 25-08-2011. Na foto: o Presidente R\u00d3GERE LEMOS, NADJA e CL\u00d3VIS JR (Secret\u00e1rio).<\/p><\/div>\n<p><center>E NO MAIS&#8230;<\/center><\/p>\n<div id=\"attachment_23410\" style=\"width: 310px\" class=\"wp-caption aligncenter\"><a href=\"http:\/\/www.r2cpress.com.br\/v1\/wp-content\/uploads\/11_.jpg\"><img aria-describedby=\"caption-attachment-23410\" loading=\"lazy\" class=\"size-medium wp-image-23410\" title=\"Posso muito bem afirmar e voc\u00eas torcedores s\u00e3o testemunhas, os times BAHIA e VIT\u00d3RIA n\u00e3o se d\u00e3o bem jogando contra o ICASA. No ano passado, pelo Campeonato da S\u00e9rie B, o BAHIA sofreu duas goleadas, este ano, na primeira partida contra o VIT\u00d3RIA, o ICASA jogando no EST\u00c1DIO ROMEIR\u00c3O em JUAZEIRO DO NORTE, ganhou de 3x1. O outro jogo ser\u00e1 amanh\u00e3 (03-09-2011) no EST\u00c1DIO PITUA\u00c7U em SALVADOR. Estou confiante de que o VIT\u00d3RIA mais uma vez vai perder de GOLEADA!\" src=\"http:\/\/www.r2cpress.com.br\/v1\/wp-content\/uploads\/11_-300x203.jpg\" alt=\"\" width=\"300\" height=\"203\" srcset=\"https:\/\/www.r2cpress.com.br\/v1\/wp-content\/uploads\/11_-300x203.jpg 300w, https:\/\/www.r2cpress.com.br\/v1\/wp-content\/uploads\/11_.jpg 883w\" sizes=\"(max-width: 300px) 100vw, 300px\" \/><\/a><p id=\"caption-attachment-23410\" class=\"wp-caption-text\">Posso muito bem afirmar e voc\u00eas torcedores s\u00e3o testemunhas, os times BAHIA e VIT\u00d3RIA n\u00e3o se d\u00e3o bem jogando contra o ICASA. No ano passado, pelo Campeonato da S\u00e9rie B, o BAHIA sofreu duas goleadas, este ano, na primeira partida contra o VIT\u00d3RIA, o ICASA jogando no EST\u00c1DIO ROMEIR\u00c3O em JUAZEIRO DO NORTE, ganhou de 3x1. O outro jogo ser\u00e1 amanh\u00e3 (03-09-2011) no EST\u00c1DIO PITUA\u00c7U em SALVADOR. Estou confiante de que o VIT\u00d3RIA mais uma vez vai perder de GOLEADA!<\/p><\/div>\n<p>&#8212;<br \/>\nTexto e fotos: Jos\u00e9 Leite de Souza<br \/>\njleitesouza@hotmail.com<\/p>\n","protected":false},"excerpt":{"rendered":"<p>1) CARTA DE ABRAHAN LINCOLN AO PROFESSOR DO SEU FILHO. 2) AS FOTOS DESTAQUES DA SEMANA<\/p>\n","protected":false},"author":2,"featured_media":0,"comment_status":"open","ping_status":"open","sticky":false,"template":"","format":"standard","meta":{"_links_to":"","_links_to_target":""},"categories":[10],"tags":[],"_links":{"self":[{"href":"https:\/\/www.r2cpress.com.br\/v1\/wp-json\/wp\/v2\/posts\/23391"}],"collection":[{"href":"https:\/\/www.r2cpress.com.br\/v1\/wp-json\/wp\/v2\/posts"}],"about":[{"href":"https:\/\/www.r2cpress.com.br\/v1\/wp-json\/wp\/v2\/types\/post"}],"author":[{"embeddable":true,"href":"https:\/\/www.r2cpress.com.br\/v1\/wp-json\/wp\/v2\/users\/2"}],"replies":[{"embeddable":true,"href":"https:\/\/www.r2cpress.com.br\/v1\/wp-json\/wp\/v2\/comments?post=23391"}],"version-history":[{"count":13,"href":"https:\/\/www.r2cpress.com.br\/v1\/wp-json\/wp\/v2\/posts\/23391\/revisions"}],"predecessor-version":[{"id":23452,"href":"https:\/\/www.r2cpress.com.br\/v1\/wp-json\/wp\/v2\/posts\/23391\/revisions\/23452"}],"wp:attachment":[{"href":"https:\/\/www.r2cpress.com.br\/v1\/wp-json\/wp\/v2\/media?parent=23391"}],"wp:term":[{"taxonomy":"category","embeddable":true,"href":"https:\/\/www.r2cpress.com.br\/v1\/wp-json\/wp\/v2\/categories?post=23391"},{"taxonomy":"post_tag","embeddable":true,"href":"https:\/\/www.r2cpress.com.br\/v1\/wp-json\/wp\/v2\/tags?post=23391"}],"curies":[{"name":"wp","href":"https:\/\/api.w.org\/{rel}","templated":true}]}}