{"id":23413,"date":"2011-09-02T15:48:30","date_gmt":"2011-09-02T18:48:30","guid":{"rendered":"http:\/\/www.r2cpress.com.br\/v1\/?p=23413"},"modified":"2011-09-02T15:48:30","modified_gmt":"2011-09-02T18:48:30","slug":"%e2%80%9ca-praca-sao-joao-e-nossa%e2%80%9d","status":"publish","type":"post","link":"https:\/\/www.r2cpress.com.br\/v1\/2011\/09\/02\/%e2%80%9ca-praca-sao-joao-e-nossa%e2%80%9d\/","title":{"rendered":"\u201cA PRA\u00c7A S\u00c3O JO\u00c3O \u00c9 NOSSA\u201d"},"content":{"rendered":"<p><center><strong>MOVIMENTO DO PONTAL DEFINE PARCERIAS<\/strong><\/center><\/p>\n<p>Definida a data de 25 de setembro pr\u00f3ximo, um domingo, para a realiza\u00e7\u00e3o do evento  A PRA\u00c7A S\u00c3O JO\u00c3O \u00c9 NOSSA. Alusivo \u00e0 chegada da Primavera, o Movimento Pontalense de Cidadania j\u00e1 est\u00e1 organizando as parcerias com empresas, col\u00e9gios, cursos universit\u00e1rios, igrejas e movimentos organizados que desejem oferecer colabora\u00e7\u00e3o e participa\u00e7\u00e3o  para o bom \u00eaxito do evento.<br \/>\n\u00c9 id\u00e9ia do movimento,  permitir a participa\u00e7\u00e3o de pessoas que desejem comercializar artesanatos, acess\u00f3rios e alimenta\u00e7\u00e3o, at\u00e9 como incentivo a uma futura feira de artesanato a ser instalada na pra\u00e7a, para gera\u00e7\u00e3o de emprego e renda aos moradores.<br \/>\nCom o projeto j\u00e1 elaborado, o Movimento Pontalense de Cidadania,  pretende chamar a aten\u00e7\u00e3o da popula\u00e7\u00e3o para a Pra\u00e7a S\u00e3o Jo\u00e3o, aumentando com isso a consci\u00eancia da comunidade  sobre o espa\u00e7o p\u00fablico, conhecendo a opini\u00e3o da popula\u00e7\u00e3o sobre a pra\u00e7a e buscando o in\u00edcio de um processo de defini\u00e7\u00e3o da \u201cPRA\u00c7A QUE QUEREMOS\u201d, estando prevista a cria\u00e7\u00e3o de um site e espa\u00e7os em rede social.<br \/>\nPara o evento est\u00e3o previstas as seguintes etapas: atividades recreativas e art\u00edsticas para crian\u00e7as e adultos com sorteios de brindes, aferi\u00e7\u00e3o de press\u00e3o e glicemia, plantio de \u00e1rvores e mutir\u00e3o de limpeza, feira de cacarecos e brech\u00f3, desenho coletivo demonstrando como \u00e9 e como pode ser a PRA\u00c7A S\u00c3O JO\u00c3O, aplica\u00e7\u00e3o de question\u00e1rio, abra\u00e7o simb\u00f3lico na pra\u00e7a com divulga\u00e7\u00e3o na m\u00eddia.<br \/>\nO movimento est\u00e1 conclamando empres\u00e1rios do Pontal e Zona Sul a fazerem doa\u00e7\u00f5es de brindes a serem sorteados no evento, assim como contar com a participa\u00e7\u00e3o dos col\u00e9gios CPM (col\u00e9gio militar), Pe. Luiz Palmeiras e Bar\u00e3o de Macaubas, autoridades e quem mais possa colaborar. (Favor confirmar participa\u00e7\u00e3o no email : fredesko@hotmail.com).<br \/>\nPr\u00f3xima reuni\u00e3o, aberta a interessados na segunda feira 05\/09 \u00e0s 19 hs, no Fredesko Botequim, situado na Rua D. Pedro II, n\u00ba 17, Pontal.<\/p>\n","protected":false},"excerpt":{"rendered":"<p>MOVIMENTO DO PONTAL DEFINE PARCERIAS Definida a data de 25 de setembro pr\u00f3ximo, um domingo, para a realiza\u00e7\u00e3o do evento A PRA\u00c7A S\u00c3O JO\u00c3O \u00c9 NOSSA. Alusivo \u00e0 chegada da Primavera, o Movimento Pontalense de Cidadania j\u00e1 est\u00e1 organizando as parcerias com empresas, col\u00e9gios, cursos universit\u00e1rios, igrejas e movimentos organizados que desejem oferecer colabora\u00e7\u00e3o e [&hellip;]<\/p>\n","protected":false},"author":2,"featured_media":0,"comment_status":"open","ping_status":"open","sticky":false,"template":"","format":"standard","meta":{"_links_to":"","_links_to_target":""},"categories":[10],"tags":[],"_links":{"self":[{"href":"https:\/\/www.r2cpress.com.br\/v1\/wp-json\/wp\/v2\/posts\/23413"}],"collection":[{"href":"https:\/\/www.r2cpress.com.br\/v1\/wp-json\/wp\/v2\/posts"}],"about":[{"href":"https:\/\/www.r2cpress.com.br\/v1\/wp-json\/wp\/v2\/types\/post"}],"author":[{"embeddable":true,"href":"https:\/\/www.r2cpress.com.br\/v1\/wp-json\/wp\/v2\/users\/2"}],"replies":[{"embeddable":true,"href":"https:\/\/www.r2cpress.com.br\/v1\/wp-json\/wp\/v2\/comments?post=23413"}],"version-history":[{"count":2,"href":"https:\/\/www.r2cpress.com.br\/v1\/wp-json\/wp\/v2\/posts\/23413\/revisions"}],"predecessor-version":[{"id":23415,"href":"https:\/\/www.r2cpress.com.br\/v1\/wp-json\/wp\/v2\/posts\/23413\/revisions\/23415"}],"wp:attachment":[{"href":"https:\/\/www.r2cpress.com.br\/v1\/wp-json\/wp\/v2\/media?parent=23413"}],"wp:term":[{"taxonomy":"category","embeddable":true,"href":"https:\/\/www.r2cpress.com.br\/v1\/wp-json\/wp\/v2\/categories?post=23413"},{"taxonomy":"post_tag","embeddable":true,"href":"https:\/\/www.r2cpress.com.br\/v1\/wp-json\/wp\/v2\/tags?post=23413"}],"curies":[{"name":"wp","href":"https:\/\/api.w.org\/{rel}","templated":true}]}}