{"id":23422,"date":"2011-09-02T16:56:39","date_gmt":"2011-09-02T19:56:39","guid":{"rendered":"http:\/\/www.r2cpress.com.br\/v1\/?p=23422"},"modified":"2011-09-02T16:56:39","modified_gmt":"2011-09-02T19:56:39","slug":"o-desgaste","status":"publish","type":"post","link":"https:\/\/www.r2cpress.com.br\/v1\/2011\/09\/02\/o-desgaste\/","title":{"rendered":"O DESGASTE"},"content":{"rendered":"<p><img loading=\"lazy\" alt=\"\" src=\"http:\/\/www.r2cpress.com.br\/v1\/wp-content\/uploads\/ze-carlos-junior-para-novo-site.jpg\" class=\"alignleft\" width=\"300\" height=\"164\" \/>Vou andando pelas ruas, encontro com um e com outro amigo, tamb\u00e9m tenho o cuidado de olhar para os lados e para a frente e nesse vai e vem de conversas e olhares, \u00e0s vezes chego em casa com a cabe\u00e7a cheia de questionamentos.<br \/>\nIsso \u00e9 pr\u00f3prio de quem gosta de conversar, de se preocupar com a rotina da cidade, com o que acontece de bom e ruim.<br \/>\nInfelizmente estamos passando por um momento em que as coisas ruins est\u00e3o suplantando, com larga vantagem, as coisas boas.<\/p>\n<p><strong>Sen\u00e3o vejamos: <\/strong><\/p>\n<p><em>Ser\u00e1 que o nosso alcaide \u00e9 informado dos problemas da cidade? Os seus in\u00fameros assessores conversam com ele? Os secret\u00e1rios est\u00e3o do seu lado? A assessoria de imprensa tem lhe poupado de not\u00edcias ruins? O alcaide tem conhecimento do seu imenso desgaste pessoal e pol\u00edtico?<br \/>\nEsses e outros questionamentos passam pela minha cabe\u00e7a e acredito que passa pela cabe\u00e7a de muita gente.<br \/>\nEsta situa\u00e7\u00e3o atual pode n\u00e3o passar na cabe\u00e7a da turma que quer ver o circo pegar fogo, e como tem gente interessada no fogar\u00e9u.<br \/>\nO que se comenta largamente na pra\u00e7a dos dois poderes \u00e9 que o alcaide n\u00e3o \u00e9 pol\u00edtico, n\u00e3o estava preparado para assumir o cargo, que foi engolido pelas for\u00e7as ocultas e que s\u00f3 est\u00e1 esperando conseguir terminar o mandato.<br \/>\nFala-se tamb\u00e9m na dita pra\u00e7a que ningu\u00e9m est\u00e1 entendendo quem vai mesmo comandar o recapeamento asf\u00e1ltico na cidade, se \u00e9 a Secret\u00e1ria de Transportes ou a Secretaria de Obras.<br \/>\nTamb\u00e9m na dita pra\u00e7a surgiu a conversa que o atual titular da Secretaria de Sa\u00fade est\u00e1 saindo, caso seja verdade, j\u00e1 perdemos a conta de quantos secret\u00e1rios entrou e saiu, e o pior sem resolver nadica de anda.<br \/>\nComo sugest\u00e3o ao nosso alcaide em vista de n\u00e3o encontrar um nome ideal para comandar a sa\u00fade, seria de bom alvitre que fosse nomeada a comiss\u00e3o de inqu\u00e9rito que j\u00e1 foi criada por duas vezes para apurar os s\u00e9rios problemas da pasta e que a mesma fosse empossada para gerir a secretaria que n\u00e3o tem mais jeito.<br \/>\nTr\u00eas ou quatro pessoas \u00e0 sua frente talvez pudesse contribuir e devolver ao povo o que mais se precisa, uma sa\u00fade mais ou menos digna.<\/em><\/p>\n<p><strong>Ta dif\u00edcil bicho!<\/strong><\/p>\n<p><b>Z\u00c9CARLOS JUNIOR<\/b><\/p>\n","protected":false},"excerpt":{"rendered":"<p>Vou andando pelas ruas, encontro com um e com outro amigo, tamb\u00e9m tenho o cuidado de olhar para os lados e para a frente e nesse vai e vem de conversas e olhares, \u00e0s vezes chego em casa com a cabe\u00e7a cheia de questionamentos. Isso \u00e9 pr\u00f3prio de quem gosta de conversar, de se preocupar [&hellip;]<\/p>\n","protected":false},"author":2,"featured_media":0,"comment_status":"open","ping_status":"open","sticky":false,"template":"","format":"standard","meta":{"_links_to":"","_links_to_target":""},"categories":[10],"tags":[],"_links":{"self":[{"href":"https:\/\/www.r2cpress.com.br\/v1\/wp-json\/wp\/v2\/posts\/23422"}],"collection":[{"href":"https:\/\/www.r2cpress.com.br\/v1\/wp-json\/wp\/v2\/posts"}],"about":[{"href":"https:\/\/www.r2cpress.com.br\/v1\/wp-json\/wp\/v2\/types\/post"}],"author":[{"embeddable":true,"href":"https:\/\/www.r2cpress.com.br\/v1\/wp-json\/wp\/v2\/users\/2"}],"replies":[{"embeddable":true,"href":"https:\/\/www.r2cpress.com.br\/v1\/wp-json\/wp\/v2\/comments?post=23422"}],"version-history":[{"count":3,"href":"https:\/\/www.r2cpress.com.br\/v1\/wp-json\/wp\/v2\/posts\/23422\/revisions"}],"predecessor-version":[{"id":23425,"href":"https:\/\/www.r2cpress.com.br\/v1\/wp-json\/wp\/v2\/posts\/23422\/revisions\/23425"}],"wp:attachment":[{"href":"https:\/\/www.r2cpress.com.br\/v1\/wp-json\/wp\/v2\/media?parent=23422"}],"wp:term":[{"taxonomy":"category","embeddable":true,"href":"https:\/\/www.r2cpress.com.br\/v1\/wp-json\/wp\/v2\/categories?post=23422"},{"taxonomy":"post_tag","embeddable":true,"href":"https:\/\/www.r2cpress.com.br\/v1\/wp-json\/wp\/v2\/tags?post=23422"}],"curies":[{"name":"wp","href":"https:\/\/api.w.org\/{rel}","templated":true}]}}