{"id":23436,"date":"2011-09-02T20:44:06","date_gmt":"2011-09-02T23:44:06","guid":{"rendered":"http:\/\/www.r2cpress.com.br\/v1\/?p=23436"},"modified":"2011-09-02T20:44:06","modified_gmt":"2011-09-02T23:44:06","slug":"aeroporto-de-ilheus-ba-opera-com-instabilidade-por-causa-do-mau-tempo","status":"publish","type":"post","link":"https:\/\/www.r2cpress.com.br\/v1\/2011\/09\/02\/aeroporto-de-ilheus-ba-opera-com-instabilidade-por-causa-do-mau-tempo\/","title":{"rendered":"Aeroporto de Ilh\u00e9us (BA) opera com instabilidade por causa do mau tempo"},"content":{"rendered":"<p><strong>Sete voos foram cancelados at\u00e9 as 16h desta sexta-feira (02).<br \/>\nChuva e presen\u00e7a de nuvens atrapalham operacionalidade do aeroporto.<\/strong><\/p>\n<p>Sete voos foram cancelados at\u00e9 as 16h desta sexta-feira (2) no aeroporto Jorge Amado, em Ilh\u00e9us, no sul da Bahia, devido ao mau tempo na regi\u00e3o. De acordo com o superintendente da Empresa Brasileira de Infraestrutura Aeroportu\u00e1ria (Infraero) em Ilh\u00e9us, Jo\u00e3o Bezerra, o aeroporto fechou em v\u00e1rios momentos nesta sexta-feira e foi reaberto por volta das 16h.<\/p>\n<p>\u201cAs condi\u00e7\u00f5es clim\u00e1ticas n\u00e3o estavam favor\u00e1veis. Tivemos v\u00e1rias \u2018janelas\u2019 hoje e os passageiros foram encaminhados a hot\u00e9is da regi\u00e3o e as passagens foram remarcadas para amanh\u00e3 [s\u00e1bado]\u201d, explica.<\/p>\n<p>Segundo Bezerra, na manh\u00e3 desta sexta foram feitos tr\u00eas pousos no local e, durante a tarde, apenas um avi\u00e3o pousou no aeroporto Jorge Amado. \u201cEstamos agora com bastante vento, o que \u00e9 primordial para que haja voo\u201d, informou o superintendente. De acordo com ele, a chuva intensa e a presen\u00e7a de muitas nuvens na regi\u00e3o s\u00e3o fatores que impedem os pousos e decolagens do local.<\/p>\n<p>&#8212;<br \/>\nDo <a href = \"http:\/\/g1.globo.com\/bahia\/noticia\/2011\/09\/aeroporto-de-ilheus-ba-opera-com-instabilidade-por-causa-do-mau-tempo.html\" target = \"_news\"><b>G1 BA<\/b><\/a><\/p>\n","protected":false},"excerpt":{"rendered":"<p>Sete voos foram cancelados at\u00e9 as 16h desta sexta-feira (02). Chuva e presen\u00e7a de nuvens atrapalham operacionalidade do aeroporto. Sete voos foram cancelados at\u00e9 as 16h desta sexta-feira (2) no aeroporto Jorge Amado, em Ilh\u00e9us, no sul da Bahia, devido ao mau tempo na regi\u00e3o. De acordo com o superintendente da Empresa Brasileira de Infraestrutura [&hellip;]<\/p>\n","protected":false},"author":2,"featured_media":0,"comment_status":"open","ping_status":"open","sticky":false,"template":"","format":"standard","meta":{"_links_to":"","_links_to_target":""},"categories":[13],"tags":[],"_links":{"self":[{"href":"https:\/\/www.r2cpress.com.br\/v1\/wp-json\/wp\/v2\/posts\/23436"}],"collection":[{"href":"https:\/\/www.r2cpress.com.br\/v1\/wp-json\/wp\/v2\/posts"}],"about":[{"href":"https:\/\/www.r2cpress.com.br\/v1\/wp-json\/wp\/v2\/types\/post"}],"author":[{"embeddable":true,"href":"https:\/\/www.r2cpress.com.br\/v1\/wp-json\/wp\/v2\/users\/2"}],"replies":[{"embeddable":true,"href":"https:\/\/www.r2cpress.com.br\/v1\/wp-json\/wp\/v2\/comments?post=23436"}],"version-history":[{"count":2,"href":"https:\/\/www.r2cpress.com.br\/v1\/wp-json\/wp\/v2\/posts\/23436\/revisions"}],"predecessor-version":[{"id":23438,"href":"https:\/\/www.r2cpress.com.br\/v1\/wp-json\/wp\/v2\/posts\/23436\/revisions\/23438"}],"wp:attachment":[{"href":"https:\/\/www.r2cpress.com.br\/v1\/wp-json\/wp\/v2\/media?parent=23436"}],"wp:term":[{"taxonomy":"category","embeddable":true,"href":"https:\/\/www.r2cpress.com.br\/v1\/wp-json\/wp\/v2\/categories?post=23436"},{"taxonomy":"post_tag","embeddable":true,"href":"https:\/\/www.r2cpress.com.br\/v1\/wp-json\/wp\/v2\/tags?post=23436"}],"curies":[{"name":"wp","href":"https:\/\/api.w.org\/{rel}","templated":true}]}}