{"id":23543,"date":"2011-09-04T11:29:34","date_gmt":"2011-09-04T14:29:34","guid":{"rendered":"http:\/\/www.r2cpress.com.br\/v1\/?p=23543"},"modified":"2011-09-04T11:29:34","modified_gmt":"2011-09-04T14:29:34","slug":"comam-promove-seminario-sobre-saneamento-basico-em-itabuna","status":"publish","type":"post","link":"https:\/\/www.r2cpress.com.br\/v1\/2011\/09\/04\/comam-promove-seminario-sobre-saneamento-basico-em-itabuna\/","title":{"rendered":"Comam promove semin\u00e1rio sobre saneamento b\u00e1sico em Itabuna"},"content":{"rendered":"<p>Assuntos inquietantes, como o destino do lixo e dos esgotos dom\u00e9sticos e industriais, dar\u00e3o o tom das discuss\u00f5es no Semin\u00e1rio \u201cEm Debate, o Saneamento B\u00e1sico\u201d, programado para esta ter\u00e7a-feira (06), a partir das 19 horas, no audit\u00f3rio da Faculdade de Tecnologia e Ci\u00eancias (FTC) de Itabuna. O evento \u00e9 uma iniciativa do Conselho Municipal do Meio Ambiente (Comam), que pretende abordar a quest\u00e3o do saneamento b\u00e1sico \u00e0 luz da lei federal 11.445\/07, na qual est\u00e3o estabelecidas as diretrizes nacionais para o saneamento b\u00e1sico.<\/p>\n<p>A programa\u00e7\u00e3o do semin\u00e1rio inclui palestras da engenheira sanitarista ambiental Aline Matulja, que abordar\u00e1 o tema \u201cSaneamento e Sa\u00fade\u201d; do economista, professor da FTC e doutorando em Meio Ambiente pela Uesc, Anderson Alves Santos, que falar\u00e1 sobre a Lei 11.445; e do promotor p\u00fablico Yuri Melo, acerca dos \u201cPlanos do Minist\u00e9rio P\u00fablico da Bahia para Saneamento B\u00e1sico\u201d.<\/p>\n<p>A preocupa\u00e7\u00e3o maior com a quest\u00e3o do lan\u00e7amento de dejetos nos mananciais ter\u00e1 destaque no semin\u00e1rio, que dever\u00e1 fazer uma cr\u00edtica \u00e0 falta de investimentos do poder p\u00fablico para ampliar a coleta e o tratamento dos esgotos. Em Itabuna, as esta\u00e7\u00f5es de tratamento h\u00e1 muito tempo chegaram \u00e0 satura\u00e7\u00e3o e a maior parte dos esgotos \u00e9 despejada \u201cin natura\u201d no Rio Cachoeira.<\/p>\n<p>\u201c\u00c9 preciso enfrentar a quest\u00e3o e esse \u00e9 o objetivo deste semin\u00e1rio, que pretende envolver toda a sociedade no debate, n\u00e3o apenas em torno do abastecimento p\u00fablico de \u00e1gua, mas do problema ambiental causado pelos esgotos\u201d, afirma o professor Ant\u00f4nio Fontes, presidente do Conam. <\/p>\n","protected":false},"excerpt":{"rendered":"<p>Assuntos inquietantes, como o destino do lixo e dos esgotos dom\u00e9sticos e industriais, dar\u00e3o o tom das discuss\u00f5es no Semin\u00e1rio \u201cEm Debate, o Saneamento B\u00e1sico\u201d, programado para esta ter\u00e7a-feira (06), a partir das 19 horas, no audit\u00f3rio da Faculdade de Tecnologia e Ci\u00eancias (FTC) de Itabuna. O evento \u00e9 uma iniciativa do Conselho Municipal do [&hellip;]<\/p>\n","protected":false},"author":2,"featured_media":0,"comment_status":"open","ping_status":"open","sticky":false,"template":"","format":"standard","meta":{"_links_to":"","_links_to_target":""},"categories":[15],"tags":[],"_links":{"self":[{"href":"https:\/\/www.r2cpress.com.br\/v1\/wp-json\/wp\/v2\/posts\/23543"}],"collection":[{"href":"https:\/\/www.r2cpress.com.br\/v1\/wp-json\/wp\/v2\/posts"}],"about":[{"href":"https:\/\/www.r2cpress.com.br\/v1\/wp-json\/wp\/v2\/types\/post"}],"author":[{"embeddable":true,"href":"https:\/\/www.r2cpress.com.br\/v1\/wp-json\/wp\/v2\/users\/2"}],"replies":[{"embeddable":true,"href":"https:\/\/www.r2cpress.com.br\/v1\/wp-json\/wp\/v2\/comments?post=23543"}],"version-history":[{"count":1,"href":"https:\/\/www.r2cpress.com.br\/v1\/wp-json\/wp\/v2\/posts\/23543\/revisions"}],"predecessor-version":[{"id":23544,"href":"https:\/\/www.r2cpress.com.br\/v1\/wp-json\/wp\/v2\/posts\/23543\/revisions\/23544"}],"wp:attachment":[{"href":"https:\/\/www.r2cpress.com.br\/v1\/wp-json\/wp\/v2\/media?parent=23543"}],"wp:term":[{"taxonomy":"category","embeddable":true,"href":"https:\/\/www.r2cpress.com.br\/v1\/wp-json\/wp\/v2\/categories?post=23543"},{"taxonomy":"post_tag","embeddable":true,"href":"https:\/\/www.r2cpress.com.br\/v1\/wp-json\/wp\/v2\/tags?post=23543"}],"curies":[{"name":"wp","href":"https:\/\/api.w.org\/{rel}","templated":true}]}}