{"id":23560,"date":"2011-09-04T18:44:46","date_gmt":"2011-09-04T21:44:46","guid":{"rendered":"http:\/\/www.r2cpress.com.br\/v1\/?p=23560"},"modified":"2011-09-04T18:44:46","modified_gmt":"2011-09-04T21:44:46","slug":"joel-santana-assina-contrato-com-o-bahia-na-terca-feira","status":"publish","type":"post","link":"https:\/\/www.r2cpress.com.br\/v1\/2011\/09\/04\/joel-santana-assina-contrato-com-o-bahia-na-terca-feira\/","title":{"rendered":"Joel Santana assina contrato com o Bahia na ter\u00e7a-feira"},"content":{"rendered":"<p><strong>Treinador chegou a um acordo com dire\u00e7\u00e3o do clube para assumir o Tricolor<\/strong><\/p>\n<p>O Bahia j\u00e1 tem um novo treinador. A dire\u00e7\u00e3o do clube chegou a um acordo com Joel Santana, que deixou o Cruzeiro na semana passada. O t\u00e9cnico depende apenas de resolu\u00e7\u00f5es de algumas quest\u00f5es com o time mineiro para ser apresentado oficialmente pelo clube. O contrato, de acordo com informa\u00e7\u00f5es do SporTV, ser\u00e1 assinado na ter\u00e7a-feira, quando o t\u00e9cnico chegar\u00e1 em Salvador.<\/p>\n<p>Joel Santana volta a comandar o Bahia depois de 12 anos. O treinador esteve \u00e0 frente do time baiano pela primeira vez em 1994 e, posteriormente, em 1999. Pelo Tricolor, o t\u00e9cnico conquistou o t\u00edtulo baiano nas duas oportunidades. Al\u00e9m de Joel, chegar\u00e1 ao Bahia tamb\u00e9m o preparador f\u00edsico Ronaldo Torres, com quem o treinador trabalhou no Cruzeiro.<\/p>\n<p><!--more--><\/p>\n<p>Ap\u00f3s a demiss\u00e3o do t\u00e9cnico Ren\u00e9 Sim\u00f5es, Joel Santana se tornou o principal nome da diretoria do Bahia para assumir o clube. Querido pela torcida do Bahia, o treinador teve a imagem arranhada este ano quando teria se referido ao clube como \u201csardinha\u201d, durante o programa Bem Amigos, no SporTV.<\/p>\n<p>Posteriormente, no entanto, o treinador esclareceu a situa\u00e7\u00e3o e disse ter uma liga\u00e7\u00e3o forte com o Bahia.<\/p>\n<p>&#8211; Quem falou isso foi um rapaz de m\u00e1 inten\u00e7\u00e3o. Sei quem foi e a coluna social da Bahia, a imprensa principal da Bahia fez quest\u00e3o de me defender sobre esse assunto. Jamais vou falar mal do Bahia, que foi uma casa que me recebeu muito bem e eu dei um dos maiores campeonatos que o Bahia tem em sua hist\u00f3ria. Esse rapaz foi muito infeliz, o programa dele n\u00e3o \u00e9 s\u00e9rio e ele n\u00e3o fala s\u00e9rio. E se ele continuar botando palavras na minha boca vou process\u00e1-lo. S\u00f3 isso. N\u00e3o quero conversa com esse rapaz, n\u00e3o quero conhec\u00ea-lo, n\u00e3o sou crian\u00e7a, n\u00e3o estou de brincadeira. N\u00e3o pode abrir uma situa\u00e7\u00e3o dessa principalmente com um dos clubes que mais gosto na minha carreira \u2013 declarou.<\/p>\n<p>&#8212;<br \/>\nPor <a href = \"http:\/\/globoesporte.globo.com\/futebol\/times\/bahia\/noticia\/2011\/09\/joel-santana-assina-contrato-com-o-bahia-na-terca-feira.html\" target = \"_news\">GLOBOESPORTE.COM Salvador<\/a><\/p>\n","protected":false},"excerpt":{"rendered":"<p>Treinador chegou a um acordo com dire\u00e7\u00e3o do clube para assumir o Tricolor O Bahia j\u00e1 tem um novo treinador. A dire\u00e7\u00e3o do clube chegou a um acordo com Joel Santana, que deixou o Cruzeiro na semana passada. O t\u00e9cnico depende apenas de resolu\u00e7\u00f5es de algumas quest\u00f5es com o time mineiro para ser apresentado oficialmente [&hellip;]<\/p>\n","protected":false},"author":2,"featured_media":0,"comment_status":"open","ping_status":"open","sticky":false,"template":"","format":"standard","meta":{"_links_to":"","_links_to_target":""},"categories":[11],"tags":[],"_links":{"self":[{"href":"https:\/\/www.r2cpress.com.br\/v1\/wp-json\/wp\/v2\/posts\/23560"}],"collection":[{"href":"https:\/\/www.r2cpress.com.br\/v1\/wp-json\/wp\/v2\/posts"}],"about":[{"href":"https:\/\/www.r2cpress.com.br\/v1\/wp-json\/wp\/v2\/types\/post"}],"author":[{"embeddable":true,"href":"https:\/\/www.r2cpress.com.br\/v1\/wp-json\/wp\/v2\/users\/2"}],"replies":[{"embeddable":true,"href":"https:\/\/www.r2cpress.com.br\/v1\/wp-json\/wp\/v2\/comments?post=23560"}],"version-history":[{"count":3,"href":"https:\/\/www.r2cpress.com.br\/v1\/wp-json\/wp\/v2\/posts\/23560\/revisions"}],"predecessor-version":[{"id":23563,"href":"https:\/\/www.r2cpress.com.br\/v1\/wp-json\/wp\/v2\/posts\/23560\/revisions\/23563"}],"wp:attachment":[{"href":"https:\/\/www.r2cpress.com.br\/v1\/wp-json\/wp\/v2\/media?parent=23560"}],"wp:term":[{"taxonomy":"category","embeddable":true,"href":"https:\/\/www.r2cpress.com.br\/v1\/wp-json\/wp\/v2\/categories?post=23560"},{"taxonomy":"post_tag","embeddable":true,"href":"https:\/\/www.r2cpress.com.br\/v1\/wp-json\/wp\/v2\/tags?post=23560"}],"curies":[{"name":"wp","href":"https:\/\/api.w.org\/{rel}","templated":true}]}}