{"id":23691,"date":"2011-09-06T14:38:36","date_gmt":"2011-09-06T17:38:36","guid":{"rendered":"http:\/\/www.r2cpress.com.br\/v1\/?p=23691"},"modified":"2011-09-06T14:38:36","modified_gmt":"2011-09-06T17:38:36","slug":"o-juizo-ferve","status":"publish","type":"post","link":"https:\/\/www.r2cpress.com.br\/v1\/2011\/09\/06\/o-juizo-ferve\/","title":{"rendered":"O ju\u00edzo ferve&#8230;"},"content":{"rendered":"<p><center><a href=\"http:\/\/www.r2cpress.com.br\/v1\/wp-content\/uploads\/rabat-burro-moldura-vermelha.jpg\"><img loading=\"lazy\" class=\"aligncenter size-full wp-image-23692\" title=\"rabat burro moldura vermelha\" src=\"http:\/\/www.r2cpress.com.br\/v1\/wp-content\/uploads\/rabat-burro-moldura-vermelha.jpg\" alt=\"\" width=\"450\" height=\"214\" srcset=\"https:\/\/www.r2cpress.com.br\/v1\/wp-content\/uploads\/rabat-burro-moldura-vermelha.jpg 450w, https:\/\/www.r2cpress.com.br\/v1\/wp-content\/uploads\/rabat-burro-moldura-vermelha-300x142.jpg 300w\" sizes=\"(max-width: 450px) 100vw, 450px\" \/><\/a><\/center><\/p>\n<p>N\u00e3o vou dizer que \u201c<em>gente burra tem que morrer<\/em>\u201d porque est\u00e1 muito batido e a gringa da rua da linha &#8211; que sentenciava dessa forma &#8211; disse que \u00e9 para eu nunca ser repetitivo. \u00a0Ela somente n\u00e3o ensinou como ser diferente diante de determinadas situa\u00e7\u00f5es\/circunst\u00e2ncias.<\/p>\n<p><strong>\u201cSua\u201d<\/strong> santidade, o governador, marqueteiro do \u2018<strong>seu<\/strong> Pt\u2019 (t min\u00fasculo porque os Trabalhadores do partido est\u00e3o diminuindo\/sumindo) e o da presidente Dilma faz uma cabar\u00e9 do zinferno na propaganda e quando vamos buscar descobrir como e onde essas realiza\u00e7\u00f5es \u00a0est\u00e3o acontecendo\u00a0 \u2018porraqui\u2019 nos deparamos com um vazio enorme e a cidade de Ilh\u00e9us seguindo (padecendo) \u00a0e vivendo de \u2018esperan\u00e7a\u2019 que, contrariando o dito popular, vai morrendo todo \u00a0santo dia e, danou-se, \u00a0na mesma propor\u00e7\u00e3o que a nossa terra vai \u00a0definhando.<\/p>\n<p>Jabes Ribeiro tem lascado o pau na administra\u00e7\u00e3o municipal. Fala horrores e quando colocam um microfone na frente dele \u00e9 a\u00ed que o bicho pega. Estrategicamente (ou n\u00e3o) fez um arer\u00ea da zorra, criou um p\u00e9ssimo clima nos advers\u00e1rios, a maioria engoliu\/mordeu a isca e agora as 150 mil c\u00e9lulas do Pt ilheense entraram\u00a0 em parafuso porque, do nada e de uma hora para outra,\u00a0 surge a possibilidade de uma dobradinha PP x Pt. \u00a0\u00c9 bom lembrar das palavras de Jabes:\u00a0 \u201cSe o governo tem rejei\u00e7\u00e3o de quase 90% aqueles que d\u00e3o sustenta\u00e7\u00e3o ou faz parte da equipe est\u00e1 \u00a0sendo reprovado pela popula\u00e7\u00e3o e, conseq\u00fcentemente, contra o povo. Que fiquem por l\u00e1 porque eu quero estar do lado do povo\u201d.\u00a0 Joabs, nessa mesma linha, disse que os advers\u00e1rio de Jabes \u00e9 um caminh\u00e3o cheio de japon\u00eas.<\/p>\n<p>Observe que o tal do Pt \u00e9 base de sustenta\u00e7\u00e3o e, agora, depois de tanta pancada no lombo, eis que surge essa id\u00e9ia amalucada de juntar os agredidos com o agressor em nome de uma \u201cgrande alian\u00e7a\u201d. \u00a0Algumas das 150 mil fac\u00e7\u00f5es do Pt ilheense j\u00e1 descartaram a \u00a0tal alian\u00e7a. Outras, de olho no que se pode colher, vai aceitando tudo e todos.<\/p>\n<p>Por que ser\u00e1 que os cargos, aqui, est\u00e3o sendo indicados por Jabes? \u00a0J\u00e1 perceberam que o \u00a0governador aprova \u00a0todos? Ser\u00e1 verdade mesmo que o magn\u00e2nimo governador tem interesse em fortalecer e ou apostar no Pt de Ilh\u00e9us? \u00c9 claro que n\u00e3o e isso \u00e9 mostrado diariamente quando os cardeais do partido aparecem aqui em \u201cmiss\u00e3o\u201d, travestidos de bombeiros e a\u00ed, coincidentemente ou n\u00e3o, \u00a0OBSERVE !!!!!!! cada descida dessas figuras importantes na cidade fazem com que o fogo aumente dentro do balaio de gato e, pra atazanar o ju\u00edzo DE MEIO MUNDO, \u00a0tendo \u00a0aquele samba do crioulo doido como fundo musical &#8230;<\/p>\n<p>O Pt de Ilh\u00e9us est\u00e1 sem for\u00e7a. Mostra isso. N\u00e3o \u00e9 um partido unido, fechadinho como foi no in\u00edcio e que conseguiu aglutinar pessoas de peso em todo o pa\u00eds. Em Ilh\u00e9us n\u00e3o foi diferente.\u00a0 Aquela resposta pronta de que \u00e9 o mais democr\u00e1tico porque divergem e no final convergem por conta da aprova\u00e7\u00e3o da maioria \u00e9 MENTIRA deslavada e das grossas. O jogo de interesse est\u00e1 norteando as a\u00e7\u00f5es do partido e de concreto nada, absolutamente nada vai sendo conquistado pelo partido que, pasme, \u00e9 o mesmo do governador.<\/p>\n<p>J\u00e1 disse num outra opini\u00e3o: Wagner n\u00e3o tem interesse no Pt de Ilh\u00e9us e \u00e9 ele um dos principais articuladores para reduzir o partido a p\u00f3 de minhoca.<\/p>\n<p>N\u00e3o acredito que o bom senso v\u00e1 prevalecer. Por tudo que mostram no cotidiano o que vai prevalecer mesmo \u00e9 o quanto vou ganhar com isso&#8230; e a cidade, seu povo, suas esperan\u00e7as que se lasquem em verde e amarelo e tendo como coveiro mor \u00a0o Governador \u00a0Wagner.<\/p>\n<p>Decepcionante, vergonhoso e desrespeitoso o tratamento que esse governador dispensa para Ilh\u00e9us&#8230;<\/p>\n","protected":false},"excerpt":{"rendered":"<p>N\u00e3o vou dizer que \u201cgente burra tem que morrer\u201d porque est\u00e1 muito batido e a gringa da rua da linha &#8211; que sentenciava dessa forma &#8211; disse que \u00e9 para eu nunca ser repetitivo. \u00a0Ela somente n\u00e3o ensinou como ser diferente diante de determinadas situa\u00e7\u00f5es\/circunst\u00e2ncias. \u201cSua\u201d santidade, o governador, marqueteiro do \u2018seu Pt\u2019 (t min\u00fasculo [&hellip;]<\/p>\n","protected":false},"author":2,"featured_media":0,"comment_status":"open","ping_status":"open","sticky":false,"template":"","format":"standard","meta":{"_links_to":"","_links_to_target":""},"categories":[20],"tags":[],"_links":{"self":[{"href":"https:\/\/www.r2cpress.com.br\/v1\/wp-json\/wp\/v2\/posts\/23691"}],"collection":[{"href":"https:\/\/www.r2cpress.com.br\/v1\/wp-json\/wp\/v2\/posts"}],"about":[{"href":"https:\/\/www.r2cpress.com.br\/v1\/wp-json\/wp\/v2\/types\/post"}],"author":[{"embeddable":true,"href":"https:\/\/www.r2cpress.com.br\/v1\/wp-json\/wp\/v2\/users\/2"}],"replies":[{"embeddable":true,"href":"https:\/\/www.r2cpress.com.br\/v1\/wp-json\/wp\/v2\/comments?post=23691"}],"version-history":[{"count":2,"href":"https:\/\/www.r2cpress.com.br\/v1\/wp-json\/wp\/v2\/posts\/23691\/revisions"}],"predecessor-version":[{"id":23694,"href":"https:\/\/www.r2cpress.com.br\/v1\/wp-json\/wp\/v2\/posts\/23691\/revisions\/23694"}],"wp:attachment":[{"href":"https:\/\/www.r2cpress.com.br\/v1\/wp-json\/wp\/v2\/media?parent=23691"}],"wp:term":[{"taxonomy":"category","embeddable":true,"href":"https:\/\/www.r2cpress.com.br\/v1\/wp-json\/wp\/v2\/categories?post=23691"},{"taxonomy":"post_tag","embeddable":true,"href":"https:\/\/www.r2cpress.com.br\/v1\/wp-json\/wp\/v2\/tags?post=23691"}],"curies":[{"name":"wp","href":"https:\/\/api.w.org\/{rel}","templated":true}]}}