{"id":23707,"date":"2011-09-06T17:01:13","date_gmt":"2011-09-06T20:01:13","guid":{"rendered":"http:\/\/www.r2cpress.com.br\/v1\/?p=23707"},"modified":"2011-09-06T17:01:13","modified_gmt":"2011-09-06T20:01:13","slug":"prefeito-de-ilheus-na-uti","status":"publish","type":"post","link":"https:\/\/www.r2cpress.com.br\/v1\/2011\/09\/06\/prefeito-de-ilheus-na-uti\/","title":{"rendered":"Prefeito de Ilh\u00e9us na UTI"},"content":{"rendered":"<p>No meio da tarde desta ter\u00e7a-feira,06, o prefeito de Ilh\u00e9us Newton Lima deu entrada na UTI do hospital S\u00e3o Jos\u00e9. Newton, com press\u00e3o alta e com fortes dores do est\u00f4mago,\u00a0 por recomenda\u00e7\u00e3o m\u00e9dica, foi imediatamente\u00a0 internado na UTI para regulariza\u00e7\u00e3o da press\u00e3o e, posteriormente e a depender do diagn\u00f3stico (exames) poder\u00e1 ser transferido para Salvador.<\/p>\n<p>Mais detalhes em instantes.<\/p>\n","protected":false},"excerpt":{"rendered":"<p>No meio da tarde desta ter\u00e7a-feira,06, o prefeito de Ilh\u00e9us Newton Lima deu entrada na UTI do hospital S\u00e3o Jos\u00e9. Newton, com press\u00e3o alta e com fortes dores do est\u00f4mago,\u00a0 por recomenda\u00e7\u00e3o m\u00e9dica, foi imediatamente\u00a0 internado na UTI para regulariza\u00e7\u00e3o da press\u00e3o e, posteriormente e a depender do diagn\u00f3stico (exames) poder\u00e1 ser transferido para Salvador. [&hellip;]<\/p>\n","protected":false},"author":2,"featured_media":0,"comment_status":"open","ping_status":"open","sticky":false,"template":"","format":"standard","meta":{"_links_to":"","_links_to_target":""},"categories":[21],"tags":[],"_links":{"self":[{"href":"https:\/\/www.r2cpress.com.br\/v1\/wp-json\/wp\/v2\/posts\/23707"}],"collection":[{"href":"https:\/\/www.r2cpress.com.br\/v1\/wp-json\/wp\/v2\/posts"}],"about":[{"href":"https:\/\/www.r2cpress.com.br\/v1\/wp-json\/wp\/v2\/types\/post"}],"author":[{"embeddable":true,"href":"https:\/\/www.r2cpress.com.br\/v1\/wp-json\/wp\/v2\/users\/2"}],"replies":[{"embeddable":true,"href":"https:\/\/www.r2cpress.com.br\/v1\/wp-json\/wp\/v2\/comments?post=23707"}],"version-history":[{"count":3,"href":"https:\/\/www.r2cpress.com.br\/v1\/wp-json\/wp\/v2\/posts\/23707\/revisions"}],"predecessor-version":[{"id":23710,"href":"https:\/\/www.r2cpress.com.br\/v1\/wp-json\/wp\/v2\/posts\/23707\/revisions\/23710"}],"wp:attachment":[{"href":"https:\/\/www.r2cpress.com.br\/v1\/wp-json\/wp\/v2\/media?parent=23707"}],"wp:term":[{"taxonomy":"category","embeddable":true,"href":"https:\/\/www.r2cpress.com.br\/v1\/wp-json\/wp\/v2\/categories?post=23707"},{"taxonomy":"post_tag","embeddable":true,"href":"https:\/\/www.r2cpress.com.br\/v1\/wp-json\/wp\/v2\/tags?post=23707"}],"curies":[{"name":"wp","href":"https:\/\/api.w.org\/{rel}","templated":true}]}}