{"id":23796,"date":"2011-09-08T10:15:13","date_gmt":"2011-09-08T13:15:13","guid":{"rendered":"http:\/\/www.r2cpress.com.br\/v1\/?p=23796"},"modified":"2011-09-08T10:15:13","modified_gmt":"2011-09-08T13:15:13","slug":"mais-uma-arma-e-drogas-apreendidas-pelo-peto-da-69%c2%aa-cipm","status":"publish","type":"post","link":"https:\/\/www.r2cpress.com.br\/v1\/2011\/09\/08\/mais-uma-arma-e-drogas-apreendidas-pelo-peto-da-69%c2%aa-cipm\/","title":{"rendered":"MAIS UMA ARMA E DROGAS APREENDIDAS PELO PETO DA 69\u00aa CIPM"},"content":{"rendered":"<p>\tOntem (07) a guarni\u00e7\u00e3o do Pelot\u00e3o Especial T\u00e1tico Ostensivo da 69\u00aa CIPM com o apoio da RONDESP apreendeu uma arma e drogas no bairro Nossa Senhora da Vit\u00f3ria.<\/p>\n<p>As guarni\u00e7\u00f5es da pol\u00edcia Militar estavam em ronda pelo bairro Nossa Senhora da Vit\u00f3ria para averiguar uma den\u00fancia de tr\u00e1fico de drogas. Chegando ao local um homem tentou fugir e se esconder em uma casa.<br \/>\n<div id=\"attachment_23797\" style=\"width: 460px\" class=\"wp-caption aligncenter\"><a href=\"http:\/\/www.r2cpress.com.br\/v1\/wp-content\/uploads\/jos\u00e9-roberto-e-o-menor.jpg\"><img aria-describedby=\"caption-attachment-23797\" loading=\"lazy\" src=\"http:\/\/www.r2cpress.com.br\/v1\/wp-content\/uploads\/jos\u00e9-roberto-e-o-menor.jpg\" alt=\"\" title=\"jos\u00e9 roberto e o menor\" width=\"450\" height=\"167\" class=\"size-full wp-image-23797\" srcset=\"https:\/\/www.r2cpress.com.br\/v1\/wp-content\/uploads\/jos\u00e9-roberto-e-o-menor.jpg 450w, https:\/\/www.r2cpress.com.br\/v1\/wp-content\/uploads\/jos\u00e9-roberto-e-o-menor-300x111.jpg 300w\" sizes=\"(max-width: 450px) 100vw, 450px\" \/><\/a><p id=\"caption-attachment-23797\" class=\"wp-caption-text\">Jos\u00e9 Roberto e o menor.<\/p><\/div><br \/>\nOs policiais realizaram cerco no local, e na casa foi encontrada uma pistola 635 com dois cartuchos que estava com Jos\u00e9 Roberto, e com o menor de inicial F. estava maconha e coca\u00edna, e ainda uma quantia de R$ 469,00 em esp\u00e9cie.<\/p>\n<p>Todos foram apresentados a 7\u00aa COORPIN.<\/p>\n<p>&#8212;<br \/>\nASCOM 69\u00aa CIPM<\/p>\n","protected":false},"excerpt":{"rendered":"<p>Ontem (07) a guarni\u00e7\u00e3o do Pelot\u00e3o Especial T\u00e1tico Ostensivo da 69\u00aa CIPM com o apoio da RONDESP apreendeu uma arma e drogas no bairro Nossa Senhora da Vit\u00f3ria. As guarni\u00e7\u00f5es da pol\u00edcia Militar estavam em ronda pelo bairro Nossa Senhora da Vit\u00f3ria para averiguar uma den\u00fancia de tr\u00e1fico de drogas. Chegando ao local um homem [&hellip;]<\/p>\n","protected":false},"author":2,"featured_media":0,"comment_status":"open","ping_status":"open","sticky":false,"template":"","format":"standard","meta":{"_links_to":"","_links_to_target":""},"categories":[25],"tags":[],"_links":{"self":[{"href":"https:\/\/www.r2cpress.com.br\/v1\/wp-json\/wp\/v2\/posts\/23796"}],"collection":[{"href":"https:\/\/www.r2cpress.com.br\/v1\/wp-json\/wp\/v2\/posts"}],"about":[{"href":"https:\/\/www.r2cpress.com.br\/v1\/wp-json\/wp\/v2\/types\/post"}],"author":[{"embeddable":true,"href":"https:\/\/www.r2cpress.com.br\/v1\/wp-json\/wp\/v2\/users\/2"}],"replies":[{"embeddable":true,"href":"https:\/\/www.r2cpress.com.br\/v1\/wp-json\/wp\/v2\/comments?post=23796"}],"version-history":[{"count":2,"href":"https:\/\/www.r2cpress.com.br\/v1\/wp-json\/wp\/v2\/posts\/23796\/revisions"}],"predecessor-version":[{"id":23799,"href":"https:\/\/www.r2cpress.com.br\/v1\/wp-json\/wp\/v2\/posts\/23796\/revisions\/23799"}],"wp:attachment":[{"href":"https:\/\/www.r2cpress.com.br\/v1\/wp-json\/wp\/v2\/media?parent=23796"}],"wp:term":[{"taxonomy":"category","embeddable":true,"href":"https:\/\/www.r2cpress.com.br\/v1\/wp-json\/wp\/v2\/categories?post=23796"},{"taxonomy":"post_tag","embeddable":true,"href":"https:\/\/www.r2cpress.com.br\/v1\/wp-json\/wp\/v2\/tags?post=23796"}],"curies":[{"name":"wp","href":"https:\/\/api.w.org\/{rel}","templated":true}]}}