{"id":23829,"date":"2011-09-08T21:10:06","date_gmt":"2011-09-09T00:10:06","guid":{"rendered":"http:\/\/www.r2cpress.com.br\/v1\/?p=23829"},"modified":"2011-09-08T21:10:06","modified_gmt":"2011-09-09T00:10:06","slug":"bom-motorista-podera-ter-desconto-na-compra-de-carro","status":"publish","type":"post","link":"https:\/\/www.r2cpress.com.br\/v1\/2011\/09\/08\/bom-motorista-podera-ter-desconto-na-compra-de-carro\/","title":{"rendered":"Bom motorista poder\u00e1 ter desconto na compra de carro"},"content":{"rendered":"<div>\n<h2><\/h2>\n<\/div>\n<div>\n<p>A C\u00e2mara analisa o Projeto de Lei 1202\/11, da deputada Bruna Furlan (PSDB-SP), que concede desconto de 10% no valor do Imposto sobre Produtos Industrializados (IPI) para a compra de ve\u00edculos por condutores que n\u00e3o tenham cometido infra\u00e7\u00e3o no tr\u00e2nsito nos tr\u00eas anos anteriores. A medida valer\u00e1 para os autom\u00f3veis de fabrica\u00e7\u00e3o nacional, com motor at\u00e9 2.0 e movidos a combust\u00edvel de origem renov\u00e1vel.<\/p>\n<div>\n<div>Arquivo\/ Leonardo Prado<\/div>\n<div><img src=\"http:\/\/www.camara.gov.br\/internet\/bancoimagem\/banco\/20110901105837_Bruna%20Furlan%203108MED.jpg\" alt=\"Bruna Furlan\" border=\"0\" \/><\/div>\n<div>Bruna Furlan:\u00a0medida estimular\u00e1 tr\u00e2nsito seguro.<\/div>\n<\/div>\n<p>Segundo o projeto, os nomes desses condutores figurar\u00e3o em cadastro nacional a ser atualizado mensalmente pelo Departamento Nacional de Tr\u00e2nsito (Denatran). A proposta altera o C\u00f3digo de Tr\u00e2nsito Brasileiro (Lei\u00a0<a href=\"http:\/\/www.planalto.gov.br\/ccivil_03\/leis\/L9503.htm\" target=\"_blank\">9.503\/97<\/a>) e delega ao Conselho Nacional de Tr\u00e2nsito (Contran) a tarefa de regulamentar o assunto.<\/p>\n<p>Pela proposta, o benef\u00edcio do desconto s\u00f3 poder\u00e1 ser utilizado pela mesma pessoa novamente ap\u00f3s tr\u00eas anos, contados da compra do ve\u00edculo. Al\u00e9m disso, o comprador dever\u00e1 pagar o IPI caso aliene o ve\u00edculo antes do prazo de tr\u00eas anos.<\/p>\n<p>Bruna Furlan afirma que a medida vai estimular uma atitude mais respons\u00e1vel dos brasileiros no tr\u00e2nsito, com a redu\u00e7\u00e3o no n\u00famero de acidentes. \u201cOs ganhos poder\u00e3o ser observados tamb\u00e9m na redu\u00e7\u00e3o dos gastos para atender a tais sinistros. A diminui\u00e7\u00e3o do gasto p\u00fablico pode compensar a ren\u00fancia de receita decorrente do desconto do IPI\u201d, diz a parlamentar.<\/p>\n<p><strong>Incid\u00eancia normal\u00a0<\/strong><br \/>\nSegundo o projeto, o IPI incidir\u00e1 normalmente sobre os materiais utilizados nas etapas da cadeia de produ\u00e7\u00e3o de autom\u00f3veis e tamb\u00e9m no desembara\u00e7o aduaneiro referente a ve\u00edculo proveniente do\u00a0Mercosul. Nesses casos, no entanto, o cr\u00e9dito do imposto pago ser\u00e1 assegurado aos fabricantes, como compensa\u00e7\u00e3o, de forma a desonerar o custo final do bem e beneficiar o consumidor.<\/p>\n<p>O imposto incidir\u00e1 ainda sobre quaisquer acess\u00f3rios opcionais do ve\u00edculo adquirido.<\/p>\n<p><strong>Tramita\u00e7\u00e3o<\/strong><br \/>\nO projeto tramita em\u00a0car\u00e1ter conclusivo\u00a0e ser\u00e1 analisado pelas comiss\u00f5es de Via\u00e7\u00e3o e Transportes; de Finan\u00e7as e Tributa\u00e7\u00e3o; e de Constitui\u00e7\u00e3o e Justi\u00e7a e de Cidadania<\/p>\n<\/div>\n<div><span style=\"font-family: Tahoma;\"><br \/>\n<\/span><\/div>\n<div><span style=\"color: #333333; font-family: Arial,sans-serif,Verdana;\"><img src=\"http:\/\/images.orkut.com\/orkut\/photos\/PAAAAGxg64_QcVdQK-OQMHUqM0E5aHqmpfINv18nrJW7WTx70UHXMLznbMmt71zTW4BvDXCdow8Iae3a10yx1rd3LXgAm1T1UPmmfFhGxRtNiLxjqz8YrB1tAgO0.jpg\" alt=\"\" \/><\/span><\/div>\n","protected":false},"excerpt":{"rendered":"<p>A C\u00e2mara analisa o Projeto de Lei 1202\/11, da deputada Bruna Furlan (PSDB-SP), que concede desconto de 10% no valor do Imposto sobre Produtos Industrializados (IPI) para a compra de ve\u00edculos por condutores que n\u00e3o tenham cometido infra\u00e7\u00e3o no tr\u00e2nsito nos tr\u00eas anos anteriores. A medida valer\u00e1 para os autom\u00f3veis de fabrica\u00e7\u00e3o nacional, com motor [&hellip;]<\/p>\n","protected":false},"author":2,"featured_media":0,"comment_status":"open","ping_status":"open","sticky":false,"template":"","format":"standard","meta":{"_links_to":"","_links_to_target":""},"categories":[10],"tags":[],"_links":{"self":[{"href":"https:\/\/www.r2cpress.com.br\/v1\/wp-json\/wp\/v2\/posts\/23829"}],"collection":[{"href":"https:\/\/www.r2cpress.com.br\/v1\/wp-json\/wp\/v2\/posts"}],"about":[{"href":"https:\/\/www.r2cpress.com.br\/v1\/wp-json\/wp\/v2\/types\/post"}],"author":[{"embeddable":true,"href":"https:\/\/www.r2cpress.com.br\/v1\/wp-json\/wp\/v2\/users\/2"}],"replies":[{"embeddable":true,"href":"https:\/\/www.r2cpress.com.br\/v1\/wp-json\/wp\/v2\/comments?post=23829"}],"version-history":[{"count":3,"href":"https:\/\/www.r2cpress.com.br\/v1\/wp-json\/wp\/v2\/posts\/23829\/revisions"}],"predecessor-version":[{"id":23832,"href":"https:\/\/www.r2cpress.com.br\/v1\/wp-json\/wp\/v2\/posts\/23829\/revisions\/23832"}],"wp:attachment":[{"href":"https:\/\/www.r2cpress.com.br\/v1\/wp-json\/wp\/v2\/media?parent=23829"}],"wp:term":[{"taxonomy":"category","embeddable":true,"href":"https:\/\/www.r2cpress.com.br\/v1\/wp-json\/wp\/v2\/categories?post=23829"},{"taxonomy":"post_tag","embeddable":true,"href":"https:\/\/www.r2cpress.com.br\/v1\/wp-json\/wp\/v2\/tags?post=23829"}],"curies":[{"name":"wp","href":"https:\/\/api.w.org\/{rel}","templated":true}]}}