{"id":23956,"date":"2011-09-11T09:35:44","date_gmt":"2011-09-11T12:35:44","guid":{"rendered":"http:\/\/www.r2cpress.com.br\/v1\/?p=23956"},"modified":"2011-09-11T09:35:44","modified_gmt":"2011-09-11T12:35:44","slug":"papa-lembra-atentados-e-pede-que-politicos-resistam-a-tentacao-do-odio","status":"publish","type":"post","link":"https:\/\/www.r2cpress.com.br\/v1\/2011\/09\/11\/papa-lembra-atentados-e-pede-que-politicos-resistam-a-tentacao-do-odio\/","title":{"rendered":"Papa lembra atentados e pede que pol\u00edticos resistam \u00e0 tenta\u00e7\u00e3o do \u00f3dio"},"content":{"rendered":"<div id=\"materia-letra\">\n<div>\n<div>\n<h2>Bento XVI celebrou missa para milhares de pessoas em Ancona.<br \/>\nEle pediu que os pol\u00edticos tenham princ\u00edpios de solidariedade, justi\u00e7a e paz.<\/h2>\n<p>O Papa Bento XVI fez um apelo neste domingo (11) aos pol\u00edticos para que &#8220;resistam \u00e0 tenta\u00e7\u00e3o do \u00f3dio&#8221;, durante missa em Ancona, missa por ocasi\u00e3o do d\u00e9cimo anivers\u00e1rio dos atentados do 11 de Setembro e na prece do Angelus.<\/p>\n<p>&#8220;Lembrando ao Senhor as v\u00edtimas dos atentados cometidos naquele dia e suas fam\u00edlias, convido os dirigentes das Na\u00e7\u00f5es e os homens de boa vontade a rejeitar para sempre a viol\u00eancia como solu\u00e7\u00e3o para os problemas e a resistir \u00e0 tenta\u00e7\u00e3o do \u00f3dio&#8221;, declarou o papa.<\/p>\n<p>Bento XVI tamb\u00e9m pediu aos pol\u00edticos que &#8220;trabalhem na sociedade inspirando-se nos princ\u00edpios de solidariedade, de justi\u00e7a e paz&#8221;.<\/p>\n<div><img loading=\"lazy\" title=\"O Papa Bento XVI acena para fi\u00e9is durante missa campal neste domingo (11) em Ancona (Foto: AP)\" src=\"http:\/\/s.glbimg.com\/jo\/g1\/f\/original\/2011\/09\/11\/papa.jpg\" alt=\"O Papa Bento XVI acena para fi\u00e9is durante missa campal neste domingo (11) em Ancona (Foto: AP)\" width=\"449\" height=\"170\" \/><strong><\/strong><\/div>\n<div><em><strong>O Papa Bento XVI acena para fi\u00e9is durante missa campal neste domingo (11) em Ancona (Foto: AP)<\/strong><\/em><\/div>\n<p>O papa celebrou missa ao ar livre, no canteiro naval de Fincantieri, para dezenas de milhares de pessoas reunidas em Ancona, porto italiano ao lado do Adri\u00e1tico.<\/p>\n<p>No s\u00e1bado, Bento XVI afirmou que os atentados do 11 de Setembro foram &#8220;ainda mais graves porque seus autores disseram agir em nome de Deus&#8221;, em carta enviada ao arcebispo de Nova York, pelo 10\u00ba anivers\u00e1rio da trag\u00e9dia.<\/p>\n<p>Segundo o texto, em ingl\u00eas, dirigido a Monsenhor Timothy Michael Dolan, &#8220;neste dia, meus pensamentos se voltam para os acontecimentos sombrios do 11 de setembro de 2001, quando tantas vidas inocentes foram perdidas&#8221;.<\/p>\n<p>&#8220;A trag\u00e9dia do 11 de setembro foi muito mais grave porque seus autores usaram o nome de Deus&#8221;, lamentou Bento XVI, para quem &#8220;nenhuma circunst\u00e2ncia pode justificar atos de terrorismo&#8221;.<\/p>\n<p>&#8220;Cada vida humana \u00e9 preciosa aos olhos de Deus e nenhum esfor\u00e7o deve ser poupado para promover, atrav\u00e9s do mundo, um respeito verdadeiro aos direitos e \u00e0 dignidade de indiv\u00edduos e povos&#8221;, escreveu Bento XVI, que reza para que &#8220;um compromisso firme de justi\u00e7a e de solidariedade ajude o mundo a se desembara\u00e7ar de sofrimentos que levam, com tanta frequ\u00eancia, \u00e0 viol\u00eancia&#8221;.<\/p>\n<p>Bento XVI tamb\u00e9m homenageou o povo americano por &#8220;sua coragem e generosidade&#8221; durante as opera\u00e7\u00f5es de socorro, assim como por sua &#8220;capacidade de reencontrar esperan\u00e7a e confian\u00e7a&#8221;.<\/p>\n<p>&nbsp;<\/p>\n<p>&#8212;<\/p>\n<p>Da AFP<\/p>\n<p>No G1<\/p>\n<p>http:\/\/g1.globo.com\/11-de-setembro\/noticia\/2011\/09\/papa-lembra-atentados-e-pede-que-politicos-resistam-tentacao-do-odio.html<\/p>\n<\/div>\n<\/div>\n<\/div>\n","protected":false},"excerpt":{"rendered":"<p>Bento XVI celebrou missa para milhares de pessoas em Ancona. Ele pediu que os pol\u00edticos tenham princ\u00edpios de solidariedade, justi\u00e7a e paz. O Papa Bento XVI fez um apelo neste domingo (11) aos pol\u00edticos para que &#8220;resistam \u00e0 tenta\u00e7\u00e3o do \u00f3dio&#8221;, durante missa em Ancona, missa por ocasi\u00e3o do d\u00e9cimo anivers\u00e1rio dos atentados do 11 [&hellip;]<\/p>\n","protected":false},"author":2,"featured_media":0,"comment_status":"open","ping_status":"open","sticky":false,"template":"","format":"standard","meta":{"_links_to":"","_links_to_target":""},"categories":[13],"tags":[],"_links":{"self":[{"href":"https:\/\/www.r2cpress.com.br\/v1\/wp-json\/wp\/v2\/posts\/23956"}],"collection":[{"href":"https:\/\/www.r2cpress.com.br\/v1\/wp-json\/wp\/v2\/posts"}],"about":[{"href":"https:\/\/www.r2cpress.com.br\/v1\/wp-json\/wp\/v2\/types\/post"}],"author":[{"embeddable":true,"href":"https:\/\/www.r2cpress.com.br\/v1\/wp-json\/wp\/v2\/users\/2"}],"replies":[{"embeddable":true,"href":"https:\/\/www.r2cpress.com.br\/v1\/wp-json\/wp\/v2\/comments?post=23956"}],"version-history":[{"count":2,"href":"https:\/\/www.r2cpress.com.br\/v1\/wp-json\/wp\/v2\/posts\/23956\/revisions"}],"predecessor-version":[{"id":23958,"href":"https:\/\/www.r2cpress.com.br\/v1\/wp-json\/wp\/v2\/posts\/23956\/revisions\/23958"}],"wp:attachment":[{"href":"https:\/\/www.r2cpress.com.br\/v1\/wp-json\/wp\/v2\/media?parent=23956"}],"wp:term":[{"taxonomy":"category","embeddable":true,"href":"https:\/\/www.r2cpress.com.br\/v1\/wp-json\/wp\/v2\/categories?post=23956"},{"taxonomy":"post_tag","embeddable":true,"href":"https:\/\/www.r2cpress.com.br\/v1\/wp-json\/wp\/v2\/tags?post=23956"}],"curies":[{"name":"wp","href":"https:\/\/api.w.org\/{rel}","templated":true}]}}