{"id":23969,"date":"2011-09-11T10:48:58","date_gmt":"2011-09-11T13:48:58","guid":{"rendered":"http:\/\/www.r2cpress.com.br\/v1\/?p=23969"},"modified":"2011-09-11T10:48:58","modified_gmt":"2011-09-11T13:48:58","slug":"radio-bahiana","status":"publish","type":"post","link":"https:\/\/www.r2cpress.com.br\/v1\/2011\/09\/11\/radio-bahiana\/","title":{"rendered":"R\u00c1DIO BAHIANA"},"content":{"rendered":"<p><div id=\"attachment_23971\" style=\"width: 132px\" class=\"wp-caption alignleft\"><a href=\"http:\/\/www.r2cpress.com.br\/v1\/wp-content\/uploads\/Z\u00c9-CARLOS-VASCO-3x4.jpg\"><img aria-describedby=\"caption-attachment-23971\" loading=\"lazy\" src=\"http:\/\/www.r2cpress.com.br\/v1\/wp-content\/uploads\/Z\u00c9-CARLOS-VASCO-3x4.jpg\" alt=\"\" title=\"Z\u00c9 CARLOS VASCO 3x4\" width=\"122\" height=\"152\" class=\"size-full wp-image-23971\" \/><\/a><p id=\"caption-attachment-23971\" class=\"wp-caption-text\">Z\u00c9CARLOS JUNIOR<\/p><\/div>Estou sentindo falta de meus programas favoritos na R\u00e1dio Bahiana, dos meus amigos Z\u00e9 Tiro Seco, Draulo Lopes e Carlos Goiab\u00e3o.<br \/>\nAltamiro Viana, o nosso cumpadre Z\u00e9, est\u00e1 no ar h\u00e1 quase 50 anos, sempre despertando os ilheenses com seu programa caipira e que nos d\u00e1 uma sensa\u00e7\u00e3o de estarmos sendo acordados em plena ro\u00e7a. (das 5:00 \u00e0s 8:00 da manh\u00e3 \u2013 de segunda a sexta-feira)<br \/>\nO Draulo Lopes, com o seu Ba\u00fa da Bahiana, veio despertar nos ouvintes a lembran\u00e7a das m\u00fasicas que fizeram hist\u00f3ria no cancioneiro popular brasileiro. (aos s\u00e1bados e domingos das 6:00 \u00e0s 8:00 da manh\u00e3)<br \/>\nO Carlos Goiab\u00e3o nos informando de tudo sobre futebol e outros esportes. (aos s\u00e1bados pela manh\u00e3)<br \/>\nN\u00e3o sei por que e tamb\u00e9m por n\u00e3o entender, a nossa R\u00e1dio Bahiana est\u00e1 fora do ar por mais de quinze dias e ningu\u00e9m sabe explicar o que est\u00e1 realmente acontecendo.<br \/>\nA internet  e outros meios de comunica\u00e7\u00e3o ainda n\u00e3o conseguiram suplantar a a\u00e7\u00e3o das nossas r\u00e1dios, seja AM ou FM, o povo est\u00e1 sempre grudado em alguma esta\u00e7\u00e3o.<br \/>\nPortanto, meu amigo Rabat, voc\u00ea que come\u00e7ou nas lides do r\u00e1dio, nos informe o que est\u00e1 ocorrendo.<br \/>\n<b>Z\u00c9CARLOS JUNIOR<\/b><\/p>\n","protected":false},"excerpt":{"rendered":"<p>Estou sentindo falta de meus programas favoritos na R\u00e1dio Bahiana, dos meus amigos Z\u00e9 Tiro Seco, Draulo Lopes e Carlos Goiab\u00e3o. Altamiro Viana, o nosso cumpadre Z\u00e9, est\u00e1 no ar h\u00e1 quase 50 anos, sempre despertando os ilheenses com seu programa caipira e que nos d\u00e1 uma sensa\u00e7\u00e3o de estarmos sendo acordados em plena ro\u00e7a. [&hellip;]<\/p>\n","protected":false},"author":2,"featured_media":0,"comment_status":"open","ping_status":"open","sticky":false,"template":"","format":"standard","meta":{"_links_to":"","_links_to_target":""},"categories":[10],"tags":[],"_links":{"self":[{"href":"https:\/\/www.r2cpress.com.br\/v1\/wp-json\/wp\/v2\/posts\/23969"}],"collection":[{"href":"https:\/\/www.r2cpress.com.br\/v1\/wp-json\/wp\/v2\/posts"}],"about":[{"href":"https:\/\/www.r2cpress.com.br\/v1\/wp-json\/wp\/v2\/types\/post"}],"author":[{"embeddable":true,"href":"https:\/\/www.r2cpress.com.br\/v1\/wp-json\/wp\/v2\/users\/2"}],"replies":[{"embeddable":true,"href":"https:\/\/www.r2cpress.com.br\/v1\/wp-json\/wp\/v2\/comments?post=23969"}],"version-history":[{"count":3,"href":"https:\/\/www.r2cpress.com.br\/v1\/wp-json\/wp\/v2\/posts\/23969\/revisions"}],"predecessor-version":[{"id":23973,"href":"https:\/\/www.r2cpress.com.br\/v1\/wp-json\/wp\/v2\/posts\/23969\/revisions\/23973"}],"wp:attachment":[{"href":"https:\/\/www.r2cpress.com.br\/v1\/wp-json\/wp\/v2\/media?parent=23969"}],"wp:term":[{"taxonomy":"category","embeddable":true,"href":"https:\/\/www.r2cpress.com.br\/v1\/wp-json\/wp\/v2\/categories?post=23969"},{"taxonomy":"post_tag","embeddable":true,"href":"https:\/\/www.r2cpress.com.br\/v1\/wp-json\/wp\/v2\/tags?post=23969"}],"curies":[{"name":"wp","href":"https:\/\/api.w.org\/{rel}","templated":true}]}}