{"id":23986,"date":"2011-09-11T11:31:53","date_gmt":"2011-09-11T14:31:53","guid":{"rendered":"http:\/\/www.r2cpress.com.br\/v1\/?p=23986"},"modified":"2011-09-11T11:31:53","modified_gmt":"2011-09-11T14:31:53","slug":"homicidio-de-alex","status":"publish","type":"post","link":"https:\/\/www.r2cpress.com.br\/v1\/2011\/09\/11\/homicidio-de-alex\/","title":{"rendered":"Homicidio de Alex"},"content":{"rendered":"<p>De: suzana patury <suzanapatury @hotmail.com><br \/>\nAssunto: homicidio de Alex<\/p>\n<p>Corpo da mensagem:<br \/>\n           Rabat:<\/p>\n<p><strong><br \/>\n        Vendo em seu blog que a leitora Mariza Reis procura saber not\u00edcias do homic\u00eddio em que foi v\u00edtima Alex, ex goleiro do Colo Colo, informo-lhe que o homic\u00eddio ocorreu mais ou menos \u00e0 meia noite, o corpo \u00e0s 7:00 horas da manh\u00e3 foi encaminhado ao DPT de Itabuna e \u00e0s 11:30 horas estar\u00e1 chegando e ser\u00e1 velado no SAF da Avenida Itabuna.<br \/>\n           Infelizmente amigo, mais um jovem trabalhador,(Vendedor ) da SILVA CAL\u00c7ADOS, educado, pai de fam\u00edlia exemplar, deixou 02 (dois) filhos de pouca idade, faleceu v\u00edtima da brutalidade, principalmente da falta de seguran\u00e7a  e planejamento adequado na organiza\u00e7\u00e3o de eventos, vez que temos ci\u00eancia de v\u00e1rios homic\u00eddios que acontecem, deixando fam\u00edlias  desoladas pela perda irrepar\u00e1vel do ente querido.<br \/>\n           Soube por amigos e familiares da v\u00edtima, que o mesmo ficou mais de meia hora ca\u00eddo no ch\u00e3o ferido e os policiais militares n\u00e3o deixaram que o socorressem, esperando a chegada da SAMU e como apesar de chamada demorou bastante para prestar atendimento, os amigos desesperados pela falta de assist\u00eancia, chamaram a ambul\u00e2ncia UTI do Hospital VITAMEDI que estava no local e ele foi levado para  atendimento.<br \/>\n           Fui testemunha na VITALMEDI do esfor\u00e7o do Dr Roland Lavigne e sua equipe para tentar salv\u00e1-lo, mas infelizmente os procedimentos m\u00e9dicos vieram tarde demais, conforme ouvi no local , para onde me encaminhei  assim que soube do ocorrido,e posteriormente a CORPIN prestar queixa para libera\u00e7\u00e3o do corpo,pois o Alex era compadre de um dos meus filhos.<br \/>\n           Assim, hoje mais uma fam\u00edlia de luto e os amigos chorando a perda de um trabalhador v\u00edtima de meliantes que v\u00e3o a esses locais n\u00e3o para se divertirem, mas para cometerem homic\u00eddios como esse, que est\u00e1 se tornando uma constante em nossa Cidade.<\/p>\n<p>         Que nosso Santo Guerreiro nos proteja e d\u00ea paz e resigna\u00e7\u00e3o a fam\u00edlia enlutada e que os bons esp\u00edritos recebam o  Alex onde estiver.<\/p>\n<p>Suzana Patury<\/strong><\/p>\n<p>&#8212;<br \/>\nEsta mensagem foi enviada atrav\u00e9s do formul\u00e1rio de contato do site R2CPRESS | A Letra Fria da Verdade http:\/\/www.r2cpress.com.br\/v1<\/suzanapatury><\/p>\n","protected":false},"excerpt":{"rendered":"<p>De: suzana patury Assunto: homicidio de Alex Corpo da mensagem: Rabat: Vendo em seu blog que a leitora Mariza Reis procura saber not\u00edcias do homic\u00eddio em que foi v\u00edtima Alex, ex goleiro do Colo Colo, informo-lhe que o homic\u00eddio ocorreu mais ou menos \u00e0 meia noite, o corpo \u00e0s 7:00 horas da manh\u00e3 foi encaminhado [&hellip;]<\/p>\n","protected":false},"author":2,"featured_media":0,"comment_status":"open","ping_status":"open","sticky":false,"template":"","format":"standard","meta":{"_links_to":"","_links_to_target":""},"categories":[10],"tags":[],"_links":{"self":[{"href":"https:\/\/www.r2cpress.com.br\/v1\/wp-json\/wp\/v2\/posts\/23986"}],"collection":[{"href":"https:\/\/www.r2cpress.com.br\/v1\/wp-json\/wp\/v2\/posts"}],"about":[{"href":"https:\/\/www.r2cpress.com.br\/v1\/wp-json\/wp\/v2\/types\/post"}],"author":[{"embeddable":true,"href":"https:\/\/www.r2cpress.com.br\/v1\/wp-json\/wp\/v2\/users\/2"}],"replies":[{"embeddable":true,"href":"https:\/\/www.r2cpress.com.br\/v1\/wp-json\/wp\/v2\/comments?post=23986"}],"version-history":[{"count":3,"href":"https:\/\/www.r2cpress.com.br\/v1\/wp-json\/wp\/v2\/posts\/23986\/revisions"}],"predecessor-version":[{"id":23989,"href":"https:\/\/www.r2cpress.com.br\/v1\/wp-json\/wp\/v2\/posts\/23986\/revisions\/23989"}],"wp:attachment":[{"href":"https:\/\/www.r2cpress.com.br\/v1\/wp-json\/wp\/v2\/media?parent=23986"}],"wp:term":[{"taxonomy":"category","embeddable":true,"href":"https:\/\/www.r2cpress.com.br\/v1\/wp-json\/wp\/v2\/categories?post=23986"},{"taxonomy":"post_tag","embeddable":true,"href":"https:\/\/www.r2cpress.com.br\/v1\/wp-json\/wp\/v2\/tags?post=23986"}],"curies":[{"name":"wp","href":"https:\/\/api.w.org\/{rel}","templated":true}]}}