{"id":23994,"date":"2011-09-11T12:57:21","date_gmt":"2011-09-11T15:57:21","guid":{"rendered":"http:\/\/www.r2cpress.com.br\/v1\/?p=23994"},"modified":"2011-09-11T12:57:21","modified_gmt":"2011-09-11T15:57:21","slug":"triste-fim-de-uma-especie","status":"publish","type":"post","link":"https:\/\/www.r2cpress.com.br\/v1\/2011\/09\/11\/triste-fim-de-uma-especie\/","title":{"rendered":"Triste fim de uma esp\u00e9cie"},"content":{"rendered":"<p><img loading=\"lazy\" alt=\"\" src=\"http:\/\/www.r2cpress.com.br\/v1\/wp-content\/uploads\/Jos%C3%A9-Iram-Almeida2.jpg\" class=\"alignleft\" width=\"300\" height=\"136\" \/>Jaca, S.F. (Malaiala Chakka) fruto da jaqueira, de grande volume, que possui a casca cheia de picos e sementes grandes, comest\u00edveis, de sabor forte, respons\u00e1vel pelo alimento de dezenas de animais silvestres, encontrados, principalmente em regi\u00e3o de Mata Atl\u00e2ntica.<br \/>\nIntroduzida no Brasil ainda nos seus prim\u00f3rdios, adaptou-se com  facilidade e, espalhando-se pelo litoral, chegou aos confins da Amaz\u00f4nia.<br \/>\nPor algum motivo t\u00e9cnico, as leis ambientais de prote\u00e7\u00e3o \u00e0 natureza, n\u00e3o protegem esta esp\u00e9cie, que durante seis meses do ano, produz alimento, tanto para o homem quanto para os animais silvestres, que vivem nessas regi\u00f5es.<br \/>\nO que nos chama aten\u00e7\u00e3o, s\u00e3o justamente as autoridades ambientais, ainda n\u00e3o se darem conta da necessidade, da prote\u00e7\u00e3o dessa esp\u00e9cie, que \u00e9 respons\u00e1vel pelo alimento de tantos animais. Queremos alertar os \u00f3rg\u00e3os de defesa ambiental, de que centenas de \u00e1rvores da esp\u00e9cie jaqueira, est\u00e3o sendo destru\u00eddas a cada dia, e que, se uma medida urgente, n\u00e3o for tomada, em menos de dois anos, n\u00e3o haver\u00e1 uma \u00e1rvore produzindo e, com certeza, muitos animais silvestres ir\u00e3o morrer de fome, bem como, fam\u00edlias de pequenas posses que comercializam esses frutos. Ir\u00e3o sofrer com a sua falta.<br \/>\nInfelizmente, em todas as empresas que comercializam madeira, s\u00e3o encontradas; portas, janelas, aduelas e outras pe\u00e7as produzidas com pranchas, extra\u00eddas de  jaqueiras. Conclamamos a todos os \u00f3rg\u00e3os ambientais, principalmente as ONGs que militam nessas regi\u00f5es para que cobrem do poder p\u00fablico a urgente prote\u00e7\u00e3o dessa esp\u00e9cie. Pois, se uma a\u00e7\u00e3o en\u00e9rgica n\u00e3o for tomada, no sentido de criar um mecanismo, para proibir o abate da jaqueira, amanh\u00e3 n\u00e3o ser\u00e1 necess\u00e1rio, pois, n\u00e3o ter\u00edamos o que proteger.<\/p>\n<p>&#8212;<br \/>\n<strong>(Almeida, Jos\u00e9 Iram) <\/strong><\/p>\n","protected":false},"excerpt":{"rendered":"<p>Jaca, S.F. (Malaiala Chakka) fruto da jaqueira, de grande volume, que possui a casca cheia de picos e sementes grandes, comest\u00edveis, de sabor forte, respons\u00e1vel pelo alimento de dezenas de animais silvestres, encontrados, principalmente em regi\u00e3o de Mata Atl\u00e2ntica. Introduzida no Brasil ainda nos seus prim\u00f3rdios, adaptou-se com facilidade e, espalhando-se pelo litoral, chegou aos [&hellip;]<\/p>\n","protected":false},"author":2,"featured_media":0,"comment_status":"open","ping_status":"open","sticky":false,"template":"","format":"standard","meta":{"_links_to":"","_links_to_target":""},"categories":[10],"tags":[],"_links":{"self":[{"href":"https:\/\/www.r2cpress.com.br\/v1\/wp-json\/wp\/v2\/posts\/23994"}],"collection":[{"href":"https:\/\/www.r2cpress.com.br\/v1\/wp-json\/wp\/v2\/posts"}],"about":[{"href":"https:\/\/www.r2cpress.com.br\/v1\/wp-json\/wp\/v2\/types\/post"}],"author":[{"embeddable":true,"href":"https:\/\/www.r2cpress.com.br\/v1\/wp-json\/wp\/v2\/users\/2"}],"replies":[{"embeddable":true,"href":"https:\/\/www.r2cpress.com.br\/v1\/wp-json\/wp\/v2\/comments?post=23994"}],"version-history":[{"count":2,"href":"https:\/\/www.r2cpress.com.br\/v1\/wp-json\/wp\/v2\/posts\/23994\/revisions"}],"predecessor-version":[{"id":23996,"href":"https:\/\/www.r2cpress.com.br\/v1\/wp-json\/wp\/v2\/posts\/23994\/revisions\/23996"}],"wp:attachment":[{"href":"https:\/\/www.r2cpress.com.br\/v1\/wp-json\/wp\/v2\/media?parent=23994"}],"wp:term":[{"taxonomy":"category","embeddable":true,"href":"https:\/\/www.r2cpress.com.br\/v1\/wp-json\/wp\/v2\/categories?post=23994"},{"taxonomy":"post_tag","embeddable":true,"href":"https:\/\/www.r2cpress.com.br\/v1\/wp-json\/wp\/v2\/tags?post=23994"}],"curies":[{"name":"wp","href":"https:\/\/api.w.org\/{rel}","templated":true}]}}