{"id":24006,"date":"2011-09-11T19:46:06","date_gmt":"2011-09-11T22:46:06","guid":{"rendered":"http:\/\/www.r2cpress.com.br\/v1\/?p=24006"},"modified":"2011-09-11T19:46:06","modified_gmt":"2011-09-11T22:46:06","slug":"placa-informativa-da-ferrovia-leste-oeste","status":"publish","type":"post","link":"https:\/\/www.r2cpress.com.br\/v1\/2011\/09\/11\/placa-informativa-da-ferrovia-leste-oeste\/","title":{"rendered":"Placa Informativa da Ferrovia leste-Oeste."},"content":{"rendered":"<p>De: Carlos <ccarlos @bol.com.br><br \/>\nAssunto: Placa Informativa da Ferrovia leste-Oeste.<\/p>\n<p>Corpo da mensagem:<br \/>\nPlaca informativa da Valec situada no km 0 da estrada Ilheus\/Oliven\u00e7a.<br \/>\nEsperamos que essa ferrovia n\u00e3o fique somente na placa informativa e que  o trem saia do placa e v\u00e1 para os trilhos.<br \/>\nTrazendo progreso e crescimento para regi\u00e3o.<\/p>\n<p>&#8212;<br \/>\nEsta mensagem foi enviada atrav\u00e9s do formul\u00e1rio de contato do site R2CPRESS | A Letra Fria da Verdade http:\/\/www.r2cpress.com.br\/v1<\/ccarlos><\/p>\n","protected":false},"excerpt":{"rendered":"<p>De: Carlos Assunto: Placa Informativa da Ferrovia leste-Oeste. Corpo da mensagem: Placa informativa da Valec situada no km 0 da estrada Ilheus\/Oliven\u00e7a. Esperamos que essa ferrovia n\u00e3o fique somente na placa informativa e que o trem saia do placa e v\u00e1 para os trilhos. Trazendo progreso e crescimento para regi\u00e3o. &#8212; Esta mensagem foi enviada [&hellip;]<\/p>\n","protected":false},"author":2,"featured_media":0,"comment_status":"open","ping_status":"open","sticky":false,"template":"","format":"standard","meta":{"_links_to":"","_links_to_target":""},"categories":[10],"tags":[],"_links":{"self":[{"href":"https:\/\/www.r2cpress.com.br\/v1\/wp-json\/wp\/v2\/posts\/24006"}],"collection":[{"href":"https:\/\/www.r2cpress.com.br\/v1\/wp-json\/wp\/v2\/posts"}],"about":[{"href":"https:\/\/www.r2cpress.com.br\/v1\/wp-json\/wp\/v2\/types\/post"}],"author":[{"embeddable":true,"href":"https:\/\/www.r2cpress.com.br\/v1\/wp-json\/wp\/v2\/users\/2"}],"replies":[{"embeddable":true,"href":"https:\/\/www.r2cpress.com.br\/v1\/wp-json\/wp\/v2\/comments?post=24006"}],"version-history":[{"count":2,"href":"https:\/\/www.r2cpress.com.br\/v1\/wp-json\/wp\/v2\/posts\/24006\/revisions"}],"predecessor-version":[{"id":24008,"href":"https:\/\/www.r2cpress.com.br\/v1\/wp-json\/wp\/v2\/posts\/24006\/revisions\/24008"}],"wp:attachment":[{"href":"https:\/\/www.r2cpress.com.br\/v1\/wp-json\/wp\/v2\/media?parent=24006"}],"wp:term":[{"taxonomy":"category","embeddable":true,"href":"https:\/\/www.r2cpress.com.br\/v1\/wp-json\/wp\/v2\/categories?post=24006"},{"taxonomy":"post_tag","embeddable":true,"href":"https:\/\/www.r2cpress.com.br\/v1\/wp-json\/wp\/v2\/tags?post=24006"}],"curies":[{"name":"wp","href":"https:\/\/api.w.org\/{rel}","templated":true}]}}