{"id":24012,"date":"2011-09-11T20:02:16","date_gmt":"2011-09-11T23:02:16","guid":{"rendered":"http:\/\/www.r2cpress.com.br\/v1\/?p=24012"},"modified":"2011-09-11T20:02:16","modified_gmt":"2011-09-11T23:02:16","slug":"o-perfil-de-um-governo","status":"publish","type":"post","link":"https:\/\/www.r2cpress.com.br\/v1\/2011\/09\/11\/o-perfil-de-um-governo\/","title":{"rendered":"O PERFIL DE UM GOVERNO"},"content":{"rendered":"<p><img loading=\"lazy\" alt=\"\" src=\"http:\/\/www.r2cpress.com.br\/v1\/wp-content\/uploads\/ze-carlos-junior-para-novo-site.jpg\" class=\"alignleft\" width=\"300\" height=\"164\" \/>Uma <b> \u201cgrande obra de governo\u201d <\/b> mostra claramente como anda as coisas l\u00e1 pelo pal\u00e1cio do poder, ali\u00e1s, um poder de muita gente mandando e pouca gente obedecendo.<br \/>\nTrabalhando&#8230;<br \/>\nCulpar apenas o governo n\u00e3o est\u00e1 certo, o nosso povo, as milhares de pessoas que circulam no peda\u00e7o, os taxistas, os comerciantes todos s\u00e3o culpados pelo que est\u00e1 acontecendo.<br \/>\nNo dia 01 de agosto de 2011, teve rein\u00edcio a reforma da malfada Pra\u00e7a Coronel Pessoa.<br \/>\nN\u00e3o vamos aqui abordar absolutamente nada com rela\u00e7\u00e3o \u00e0 Rua S\u00e1 Oliveira, que tem uma cabe\u00e7a de burro ali enterrada.<br \/>\nPara n\u00e3o alongar a conversa estamos jogando a toalha em nome desse povo PASSIVO, QUE ACEITA TUDO, QUE GOSTA DE FICAR NO PONTO DE \u00d4NIBUS NO MEIO DO LIXO, DA POEIRA, DA AREIA, DA LAMA e ainda por cima espera um buzu para ir para casa, para o trabalho e n\u00e3o esbo\u00e7a a menor rea\u00e7\u00e3o, enfim, gosta de sofrer calado, carneiro \u00e9 pouco.<br \/>\nEsse povo sequer pensa nos impostos que paga e no valor da passagem do coletivo.<br \/>\nSegundo um servidor do pal\u00e1cio, apareceu na pra\u00e7a um tal capit\u00e3o Herculano, amea\u00e7ou todo mundo e est\u00e1 impedindo a continua\u00e7\u00e3o do \u201cprojeto\u201d da reforma da pra\u00e7a.<br \/>\nFico aqui no meu canto em pensamento: no pal\u00e1cio do governo dispomos de engenheiros, arquitetos, urbanistas, procuradores, subprocuradores, assessores, escrit\u00f3rio de neg\u00f3cios e projetos, seguran\u00e7a institucional e NADA DISSO, ABSOLUTAMENTE NADA s\u00e3o suficiente para a realiza\u00e7\u00e3o da reforma de uma pra\u00e7a, uma pequena pra\u00e7a.<br \/>\nQue se dane o POVO que gosta de m&#8230;. e n\u00e3o esbo\u00e7a nenhuma rea\u00e7\u00e3o ao descaso da prefeitura.<br \/>\nPobre e triste cidade.<br \/>\n<b>Z\u00c9CZARLOS JUNIOR<\/b><\/p>\n","protected":false},"excerpt":{"rendered":"<p>Uma \u201cgrande obra de governo\u201d mostra claramente como anda as coisas l\u00e1 pelo pal\u00e1cio do poder, ali\u00e1s, um poder de muita gente mandando e pouca gente obedecendo. Trabalhando&#8230; Culpar apenas o governo n\u00e3o est\u00e1 certo, o nosso povo, as milhares de pessoas que circulam no peda\u00e7o, os taxistas, os comerciantes todos s\u00e3o culpados pelo que [&hellip;]<\/p>\n","protected":false},"author":2,"featured_media":0,"comment_status":"open","ping_status":"open","sticky":false,"template":"","format":"standard","meta":{"_links_to":"","_links_to_target":""},"categories":[10],"tags":[],"_links":{"self":[{"href":"https:\/\/www.r2cpress.com.br\/v1\/wp-json\/wp\/v2\/posts\/24012"}],"collection":[{"href":"https:\/\/www.r2cpress.com.br\/v1\/wp-json\/wp\/v2\/posts"}],"about":[{"href":"https:\/\/www.r2cpress.com.br\/v1\/wp-json\/wp\/v2\/types\/post"}],"author":[{"embeddable":true,"href":"https:\/\/www.r2cpress.com.br\/v1\/wp-json\/wp\/v2\/users\/2"}],"replies":[{"embeddable":true,"href":"https:\/\/www.r2cpress.com.br\/v1\/wp-json\/wp\/v2\/comments?post=24012"}],"version-history":[{"count":2,"href":"https:\/\/www.r2cpress.com.br\/v1\/wp-json\/wp\/v2\/posts\/24012\/revisions"}],"predecessor-version":[{"id":24014,"href":"https:\/\/www.r2cpress.com.br\/v1\/wp-json\/wp\/v2\/posts\/24012\/revisions\/24014"}],"wp:attachment":[{"href":"https:\/\/www.r2cpress.com.br\/v1\/wp-json\/wp\/v2\/media?parent=24012"}],"wp:term":[{"taxonomy":"category","embeddable":true,"href":"https:\/\/www.r2cpress.com.br\/v1\/wp-json\/wp\/v2\/categories?post=24012"},{"taxonomy":"post_tag","embeddable":true,"href":"https:\/\/www.r2cpress.com.br\/v1\/wp-json\/wp\/v2\/tags?post=24012"}],"curies":[{"name":"wp","href":"https:\/\/api.w.org\/{rel}","templated":true}]}}