{"id":24159,"date":"2011-09-13T12:48:22","date_gmt":"2011-09-13T15:48:22","guid":{"rendered":"http:\/\/www.r2cpress.com.br\/v1\/?p=24159"},"modified":"2011-09-13T12:48:22","modified_gmt":"2011-09-13T15:48:22","slug":"ii-mostra-musa-recebe-inscricoes-de-curtas-metragens","status":"publish","type":"post","link":"https:\/\/www.r2cpress.com.br\/v1\/2011\/09\/13\/ii-mostra-musa-recebe-inscricoes-de-curtas-metragens\/","title":{"rendered":"II Mostra MUSA recebe inscri\u00e7\u00f5es de curtas metragens"},"content":{"rendered":"<div id=\"attachment_24160\" style=\"width: 310px\" class=\"wp-caption aligncenter\"><a href=\"http:\/\/www.r2cpress.com.br\/v1\/wp-content\/uploads\/II-MUSA.jpg\"><img aria-describedby=\"caption-attachment-24160\" loading=\"lazy\" class=\"size-medium wp-image-24160\" title=\"II MUSA\" src=\"http:\/\/www.r2cpress.com.br\/v1\/wp-content\/uploads\/II-MUSA-300x225.jpg\" alt=\"\" width=\"300\" height=\"225\" srcset=\"https:\/\/www.r2cpress.com.br\/v1\/wp-content\/uploads\/II-MUSA-300x225.jpg 300w, https:\/\/www.r2cpress.com.br\/v1\/wp-content\/uploads\/II-MUSA.jpg 680w\" sizes=\"(max-width: 300px) 100vw, 300px\" \/><\/a><p id=\"caption-attachment-24160\" class=\"wp-caption-text\">Clique para AMPLIAR.<\/p><\/div>\n<p><strong>Servi\u00e7o<\/strong><\/p>\n<p><strong>O que: <\/strong>II Mostra Universit\u00e1ria Salobrinho de Audiovisual (MUSA) recebe inscri\u00e7\u00f5es para mostra competitiva de curtas-metragens de todo o Brasil.<\/p>\n<p><strong>Quando: <\/strong>Inscri\u00e7\u00f5es at\u00e9 o dia 30 de setembro.\u00a0 O evento ser\u00e1 realizado de 25 a 27 de outubro.<\/p>\n<p><strong>Onde: <\/strong>Universidade Estadual de Santa Cruz (UESC \u2013 sul Bahia).<\/p>\n<p><strong>Como se inscrever: <\/strong>vide informa\u00e7\u00f5es e regulamento no site <a href=\"http:\/\/www.mostramusa.com\/\">www.mostramusa.com<\/a><\/p>\n<p><strong>Realiza\u00e7\u00e3o:<\/strong> N\u00facleo de produ\u00e7\u00f5es Art\u00edsticas (N\u00faProArt) e Panor\u00e2mica Produ\u00e7\u00f5es<\/p>\n<p align=\"center\"><strong>\u00a0<\/strong><\/p>\n<p align=\"center\"><strong>II Musa recebe inscri\u00e7\u00f5es de curtas-metragens<\/strong><\/p>\n<p>A II Mostra Universit\u00e1ria Salobrinho de Audiovisual, MUSA, est\u00e1 com inscri\u00e7\u00f5es abertas para curtas-metragens universit\u00e1rios de todo o Brasil at\u00e9 o dia 30 de setembro, para concorrer na mostra competitiva. A MUSA, que se configurou como o primeiro evento de audiovisual universit\u00e1rio do sul da Bahia, vai acontecer de 25 a 27 de outubro na Universidade Estadual de Santa Cruz, UESC.<\/p>\n<p>Os curtas-metragens inscritos devem ser enviados em DVD ou pen drive e<strong> <\/strong>ter dura\u00e7\u00e3o de at\u00e9 20 minutos. A sele\u00e7\u00e3o dos v\u00eddeos da II MUSA ser\u00e1 realizada pela curadoria do evento, composta por integrantes de reconhecida atua\u00e7\u00e3o no segmento art\u00edstico e obedecendo aos crit\u00e9rios de originalidade, criatividade e qualidade t\u00e9cnica.<\/p>\n<p>A divulga\u00e7\u00e3o dos resultados da sele\u00e7\u00e3o acontecer\u00e1 por meio de publica\u00e7\u00e3o no site, a partir de 07 de outubro de 2011. O evento vai atrair universit\u00e1rios, pesquisadores, professores, amadores, realizadores e o p\u00fablico interessado em audiovisual experimental de todo o Brasil. A realiza\u00e7\u00e3o \u00e9 da N\u00faProArt e da Panor\u00e2mica Produ\u00e7\u00f5es.<\/p>\n<p>Os vencedores da Mostra ser\u00e3o eleitos pelo j\u00fari popular. Os que ganharem em primeiro, segundo e terceiro lugares receber\u00e3o o trof\u00e9u MUSA, confeccionado pelo reconhecido artes\u00e3o Souza, especialmente para a premia\u00e7\u00e3o, e tamb\u00e9m receber\u00e3o livros da editora Editus. Todos os concorrentes que tiverem seus v\u00eddeos selecionados para exibi\u00e7\u00e3o na MUSA receber\u00e3o certificado de participa\u00e7\u00e3o.<\/p>\n<p>Da programa\u00e7\u00e3o da II MUSA, que ser\u00e1 conclu\u00edda em breve, j\u00e1 se pode esperar tr\u00eas dias de atividades intensas e imperd\u00edveis. Para o evento, j\u00e1 est\u00e3o confirmadas a oficina de Sonoplastia com Napole\u00e3o Cunha; a exibi\u00e7\u00e3o de dois longas-metragens in\u00e9ditos na regi\u00e3o; a discuss\u00e3o sobre a Economia do Audiovisual; a realiza\u00e7\u00e3o de sess\u00f5es infantis; as apresenta\u00e7\u00f5es de trabalhos acad\u00eamicos sobre o audiovisual; a realiza\u00e7\u00e3o da Mostra Pixelando para v\u00eddeos realizados por alunos das redes p\u00fablicas e estaduais, cineclubes, comunidades, pontos de cultura, coletivos; e a realiza\u00e7\u00e3o de oficina de v\u00eddeo para alunos da rede p\u00fablica do bairro Salobrinho. O evento ser\u00e1 encerrado com o show do cantor baiano Z\u00e9u Britto e de bandas convidadas.<\/p>\n<p>A programa\u00e7\u00e3o completa ser\u00e1 publicada em breve no site. Informa\u00e7\u00f5es de como se inscrever est\u00e3o em: <a href=\"http:\/\/www.mostramusa.com\/\">www.mostramusa.com<\/a><\/p>\n<p><strong>\u00a0<\/strong><\/p>\n<p><strong>\u00a0&#8212;<\/strong><\/p>\n<p><strong>Tacila Mendes<\/strong><\/p>\n<p><strong>Comunic\u00f3loga \/ DRT 6795<\/strong><\/p>\n<p><strong>Ascom II MUSA<\/strong><\/p>\n","protected":false},"excerpt":{"rendered":"<p>Servi\u00e7o O que: II Mostra Universit\u00e1ria Salobrinho de Audiovisual (MUSA) recebe inscri\u00e7\u00f5es para mostra competitiva de curtas-metragens de todo o Brasil. Quando: Inscri\u00e7\u00f5es at\u00e9 o dia 30 de setembro.\u00a0 O evento ser\u00e1 realizado de 25 a 27 de outubro. Onde: Universidade Estadual de Santa Cruz (UESC \u2013 sul Bahia). Como se inscrever: vide informa\u00e7\u00f5es e [&hellip;]<\/p>\n","protected":false},"author":2,"featured_media":0,"comment_status":"open","ping_status":"open","sticky":false,"template":"","format":"standard","meta":{"_links_to":"","_links_to_target":""},"categories":[5],"tags":[],"_links":{"self":[{"href":"https:\/\/www.r2cpress.com.br\/v1\/wp-json\/wp\/v2\/posts\/24159"}],"collection":[{"href":"https:\/\/www.r2cpress.com.br\/v1\/wp-json\/wp\/v2\/posts"}],"about":[{"href":"https:\/\/www.r2cpress.com.br\/v1\/wp-json\/wp\/v2\/types\/post"}],"author":[{"embeddable":true,"href":"https:\/\/www.r2cpress.com.br\/v1\/wp-json\/wp\/v2\/users\/2"}],"replies":[{"embeddable":true,"href":"https:\/\/www.r2cpress.com.br\/v1\/wp-json\/wp\/v2\/comments?post=24159"}],"version-history":[{"count":3,"href":"https:\/\/www.r2cpress.com.br\/v1\/wp-json\/wp\/v2\/posts\/24159\/revisions"}],"predecessor-version":[{"id":24163,"href":"https:\/\/www.r2cpress.com.br\/v1\/wp-json\/wp\/v2\/posts\/24159\/revisions\/24163"}],"wp:attachment":[{"href":"https:\/\/www.r2cpress.com.br\/v1\/wp-json\/wp\/v2\/media?parent=24159"}],"wp:term":[{"taxonomy":"category","embeddable":true,"href":"https:\/\/www.r2cpress.com.br\/v1\/wp-json\/wp\/v2\/categories?post=24159"},{"taxonomy":"post_tag","embeddable":true,"href":"https:\/\/www.r2cpress.com.br\/v1\/wp-json\/wp\/v2\/tags?post=24159"}],"curies":[{"name":"wp","href":"https:\/\/api.w.org\/{rel}","templated":true}]}}