{"id":24249,"date":"2011-09-14T12:25:58","date_gmt":"2011-09-14T15:25:58","guid":{"rendered":"http:\/\/www.r2cpress.com.br\/v1\/?p=24249"},"modified":"2011-09-14T12:25:58","modified_gmt":"2011-09-14T15:25:58","slug":"carlos-pereira-em-urubus-no-palacio-paranagua","status":"publish","type":"post","link":"https:\/\/www.r2cpress.com.br\/v1\/2011\/09\/14\/carlos-pereira-em-urubus-no-palacio-paranagua\/","title":{"rendered":"Carlos Pereira em: URUBUS NO PAL\u00c1CIO PARAN\u00c1GUA."},"content":{"rendered":"<p>                          <img loading=\"lazy\" alt=\"\" src=\"http:\/\/www.r2cpress.com.br\/v1\/wp-content\/uploads\/Carlos-pereira-neto2.jpg\" class=\"alignleft\" width=\"300\" height=\"133\" \/>A cidade continua com dias lindos e de clima ameno. Como Deus est\u00e1 em tudo e em todos os lugares, n\u00e3o tenho d\u00favidas, em Ilh\u00e9us ele deixa boa parte de si. Digo na natureza, para que n\u00e3o ajam interpreta\u00e7\u00f5es contradit\u00f3rias. Na pol\u00edtica e na administra\u00e7\u00e3o, ele nos legou um purgat\u00f3rio do tempo da sua cria\u00e7\u00e3o no Conc\u00edlio de Nic\u00e9ia, a cidade est\u00e1 no limbo; melhor fossem as chamas do inferno, que, assim como as da paix\u00e3o, talvez nos aquecessem a alma, mesmo, como \u00e9 do feitio desta, transitoriamente (mas como \u00e9 bom viv\u00ea-la!).<br \/>\nNem c\u00e9u e nem inferno. Ilh\u00e9us rima com c\u00e9us mas prevalece o desprop\u00f3sito. A ilh\u00e9us pol\u00edtica n\u00e3o \u00e9 chama que arde, \u00e9 limbo, falta de simancol, aus\u00eancia de prop\u00f3sitos; como j\u00e1 dito, o inusitado e o rid\u00edculo de m\u00e3os dadas. Natureza bela, cidade largada. Do seu jeito, mesmo no sil\u00eancio, a popula\u00e7\u00e3o sente os efeitos da p\u00e9ssima administra\u00e7\u00e3o e protesta (em todos os cantos se ouvem as queixas). O mundo pol\u00edtico administrativo \u00e9 o universo do absurdo.<br \/>\nTor\u00e7o pela recupera\u00e7\u00e3o de Newton Lima, acredito que de fato ele teve um mal estar. Ele n\u00e3o brincaria de maneira irrespons\u00e1vel com a sua sa\u00fade e os m\u00e9dicos que lhe atenderam s\u00e3o pessoas id\u00f4neas. De p\u00e9ssimo gosto os boatos de que seria treita (mas, lamentavelmente, com atitudes que os alimentaram). H\u00e1 de saber se separar as quest\u00f5es pol\u00edticas das pessoais. Em momentos como tal deve prevalecer a solidariedade ao ser humano.<br \/>\nInfelizmente os seus consortes de governan\u00e7a n\u00e3o pensaram assim. Tivemos, logo ap\u00f3s a efem\u00e9ride, um festival de atitudes deselegantes, oportunistas, de descompromisso com a coisa p\u00fablica, a exibir o despreparo da equipe de governo para as fun\u00e7\u00f5es que exercem. As atitudes da \u201cequipe de governo\u201d deram vezo a todos os tipos de boatos poss\u00edveis a circularem pela cidade; de uma babel de desencontros a um bordel de baixarias (de c\u00e2ncer nos p\u00e2ncreas a que a esposa do prefeito o largaria se ele voltasse). O interesse privado sempre prevalecendo sobre o p\u00fablico.<br \/>\nNenhum profissionalismo. Esperar-se-ia atos institucionais bem previs\u00edveis. Posse do vice por quinze dias, a assessoria de comunica\u00e7\u00e3o informando diariamente \u00e0 popula\u00e7\u00e3o sobre o estado de sa\u00fade do prefeito, os servi\u00e7os de rotina sendo tocados, at\u00e9 que se tivesse um quadro definitivo do estado de sa\u00fade do alcaide e, se necess\u00e1rio, atitudes definitivas deveriam ser tomadas.<br \/>\nMas, o \u00f3bvio e ululante, n\u00e3o prevaleceu. Prevaleceu o inusitado absurdo. O prefeito no leito hospitalar recebeu uma visita do Vice-Prefeito acompanhado do secret\u00e1rio de governo (segundo not\u00edcia no Bahia OnLine), n\u00e3o como ato de solidariedade, mas para saber qual as inten\u00e7\u00f5es do enfermo, se voltaria logo ou n\u00e3o (tal defini\u00e7\u00e3o n\u00e3o seria da equipe m\u00e9dica!!!), porque os demiurgos, precisavam eleger bodes expiat\u00f3rios para a p\u00e9ssima performance governamental ( exonerar dois secret\u00e1rios) e criar um suposto para\u00edso administrativo, visando as elei\u00e7\u00f5es de 2012.<br \/>\nTanto amadorismo. Tanto infantilismo. Tanta falta de esp\u00edrito republicano.<br \/>\nTanta falta de solidariedade.<br \/>\nA popula\u00e7\u00e3o de Ilh\u00e9us n\u00e3o merece isso! <\/p>\n","protected":false},"excerpt":{"rendered":"<p>A cidade continua com dias lindos e de clima ameno. Como Deus est\u00e1 em tudo e em todos os lugares, n\u00e3o tenho d\u00favidas, em Ilh\u00e9us ele deixa boa parte de si. Digo na natureza, para que n\u00e3o ajam interpreta\u00e7\u00f5es contradit\u00f3rias. Na pol\u00edtica e na administra\u00e7\u00e3o, ele nos legou um purgat\u00f3rio do tempo da sua cria\u00e7\u00e3o [&hellip;]<\/p>\n","protected":false},"author":2,"featured_media":0,"comment_status":"open","ping_status":"open","sticky":false,"template":"","format":"standard","meta":{"_links_to":"","_links_to_target":""},"categories":[10],"tags":[],"_links":{"self":[{"href":"https:\/\/www.r2cpress.com.br\/v1\/wp-json\/wp\/v2\/posts\/24249"}],"collection":[{"href":"https:\/\/www.r2cpress.com.br\/v1\/wp-json\/wp\/v2\/posts"}],"about":[{"href":"https:\/\/www.r2cpress.com.br\/v1\/wp-json\/wp\/v2\/types\/post"}],"author":[{"embeddable":true,"href":"https:\/\/www.r2cpress.com.br\/v1\/wp-json\/wp\/v2\/users\/2"}],"replies":[{"embeddable":true,"href":"https:\/\/www.r2cpress.com.br\/v1\/wp-json\/wp\/v2\/comments?post=24249"}],"version-history":[{"count":2,"href":"https:\/\/www.r2cpress.com.br\/v1\/wp-json\/wp\/v2\/posts\/24249\/revisions"}],"predecessor-version":[{"id":24251,"href":"https:\/\/www.r2cpress.com.br\/v1\/wp-json\/wp\/v2\/posts\/24249\/revisions\/24251"}],"wp:attachment":[{"href":"https:\/\/www.r2cpress.com.br\/v1\/wp-json\/wp\/v2\/media?parent=24249"}],"wp:term":[{"taxonomy":"category","embeddable":true,"href":"https:\/\/www.r2cpress.com.br\/v1\/wp-json\/wp\/v2\/categories?post=24249"},{"taxonomy":"post_tag","embeddable":true,"href":"https:\/\/www.r2cpress.com.br\/v1\/wp-json\/wp\/v2\/tags?post=24249"}],"curies":[{"name":"wp","href":"https:\/\/api.w.org\/{rel}","templated":true}]}}