{"id":24267,"date":"2011-09-14T13:51:08","date_gmt":"2011-09-14T16:51:08","guid":{"rendered":"http:\/\/www.r2cpress.com.br\/v1\/?p=24267"},"modified":"2011-09-14T13:51:08","modified_gmt":"2011-09-14T16:51:08","slug":"empresa-brasil-de-comunicacao-r2cpress-agencia-de-noticias-57","status":"publish","type":"post","link":"https:\/\/www.r2cpress.com.br\/v1\/2011\/09\/14\/empresa-brasil-de-comunicacao-r2cpress-agencia-de-noticias-57\/","title":{"rendered":"Empresa Brasil de Comunica\u00e7\u00e3o \/ R2CPRESS &#8211; Ag\u00eancia de Not\u00edcias"},"content":{"rendered":"<p><em><strong>Consumidor deve ficar atento \u00e0 greve dos Correios para evitar problemas com pagamento de contas e presta\u00e7\u00f5es<\/strong><\/em><\/p>\n<p>Os funcion\u00e1rios dos Correios iniciam greve em 24 estados. Eles querem aumento de sal\u00e1rio e outros benef\u00edcios. A conta pode ficar para os consumidores. Bancos, cart\u00f5es de cr\u00e9dito e outros fornecedores, que enviam boletos pelos Correios, n\u00e3o perdoam. Dizem que o consumidor deve encontrar um meio de quitar a conta em dia. Ou esperar a chegada do documento para pagar a conta com multas e juros.<br \/>\n<object width=\"100%\" height=\"24\" type=\"application\/x-shockwave-flash\" data=\"http:\/\/radioagencianacional.ebc.com.br\/sites\/radioagencianacional.ebc.com.br\/modules\/mp3player\/mp3player\/player.swf\" ><param name=\"bgcolor\" value=\"#FFFFFF\"><\/param><param name=\"wmode\" value=\"transparent\"><\/param><param name=\"menu\" value=\"false\"><\/param><param NAME=\"WMode\" VALUE=\"Transparent\"><\/param><param NAME=\"Play\" VALUE=\"0\"><\/param><param NAME=\"Loop\" VALUE=\"-1\"><\/param><param NAME=\"Quality\" VALUE=\"High\"><\/param><param NAME=\"SAlign\" VALUE=\"L\"><\/param><param NAME=\"Menu\" VALUE=\"0\"><\/param><param NAME=\"Base\" VALUE=\"\"><\/param><param NAME=\"AllowScriptAccess\" VALUE=\"\"><\/param><param NAME=\"Scale\" VALUE=\"NoScale\"><\/param><param NAME=\"DeviceFont\" VALUE=\"0\"><\/param><param NAME=\"EmbedMovie\" VALUE=\"0\"><\/param><param NAME=\"BGColor\" VALUE=\"FFFFFF\"><\/param><param NAME=\"SWRemote\" VALUE=\"\"><\/param><param NAME=\"MovieData\" VALUE=\"\"><\/param><param NAME=\"SeamlessTabbing\" VALUE=\"1\"><\/param><param NAME=\"Profile\" VALUE=\"-1\"><\/param><param NAME=\"ProfileAddress\" VALUE=\"\"><\/param><param NAME=\"ProfilePort\" VALUE=\"-2147483648\"><\/param><param NAME=\"AllowNetworking\" VALUE=\"all\"><\/param><param NAME=\"AllowFullScreen\" VALUE=\"false\"><\/param><param NAME=\"Movie\" VALUE=\"http:\/\/radioagencianacional.ebc.com.br\/sites\/radioagencianacional.ebc.com.br\/modules\/mp3player\/mp3player\/player.swf\"><\/param><param NAME=\"Src\" VALUE=\"http:\/\/radioagencianacional.ebc.com.br\/sites\/radioagencianacional.ebc.com.br\/modules\/mp3player\/mp3player\/player.swf\"><\/param><param name=\"flashvars\" value=\"noinfo=yes&#038;initialvolume=75&#038;soundFile=http:\/\/radioagencianacional.ebc.com.br\/sites\/radioagencianacional.ebc.com.br\/files\/14-09-11 - ANDHREA TAVARES - GREVE CORREIOS - 09H39 - ra.mp3&#038;titles=14-09-11 - ANDHREA TAVARES - GREVE CORREIOS - 09H39 - ra.mp3&#038;playerID=mp3player_1\"><\/param><\/object><br \/>\n<strong>EBC\/<em>Andhr\u00e9a Tavares<\/em><\/strong><\/p>\n","protected":false},"excerpt":{"rendered":"<p>Consumidor deve ficar atento \u00e0 greve dos Correios para evitar problemas com pagamento de contas e presta\u00e7\u00f5es Os funcion\u00e1rios dos Correios iniciam greve em 24 estados. Eles querem aumento de sal\u00e1rio e outros benef\u00edcios. A conta pode ficar para os consumidores. Bancos, cart\u00f5es de cr\u00e9dito e outros fornecedores, que enviam boletos pelos Correios, n\u00e3o perdoam. [&hellip;]<\/p>\n","protected":false},"author":2,"featured_media":0,"comment_status":"open","ping_status":"open","sticky":false,"template":"","format":"standard","meta":{"_links_to":"","_links_to_target":""},"categories":[10],"tags":[],"_links":{"self":[{"href":"https:\/\/www.r2cpress.com.br\/v1\/wp-json\/wp\/v2\/posts\/24267"}],"collection":[{"href":"https:\/\/www.r2cpress.com.br\/v1\/wp-json\/wp\/v2\/posts"}],"about":[{"href":"https:\/\/www.r2cpress.com.br\/v1\/wp-json\/wp\/v2\/types\/post"}],"author":[{"embeddable":true,"href":"https:\/\/www.r2cpress.com.br\/v1\/wp-json\/wp\/v2\/users\/2"}],"replies":[{"embeddable":true,"href":"https:\/\/www.r2cpress.com.br\/v1\/wp-json\/wp\/v2\/comments?post=24267"}],"version-history":[{"count":2,"href":"https:\/\/www.r2cpress.com.br\/v1\/wp-json\/wp\/v2\/posts\/24267\/revisions"}],"predecessor-version":[{"id":24269,"href":"https:\/\/www.r2cpress.com.br\/v1\/wp-json\/wp\/v2\/posts\/24267\/revisions\/24269"}],"wp:attachment":[{"href":"https:\/\/www.r2cpress.com.br\/v1\/wp-json\/wp\/v2\/media?parent=24267"}],"wp:term":[{"taxonomy":"category","embeddable":true,"href":"https:\/\/www.r2cpress.com.br\/v1\/wp-json\/wp\/v2\/categories?post=24267"},{"taxonomy":"post_tag","embeddable":true,"href":"https:\/\/www.r2cpress.com.br\/v1\/wp-json\/wp\/v2\/tags?post=24267"}],"curies":[{"name":"wp","href":"https:\/\/api.w.org\/{rel}","templated":true}]}}